{"id":67607,"date":"2015-03-11T16:21:53","date_gmt":"2015-03-11T19:21:53","guid":{"rendered":"http:\/\/www.redenoticia.com.br\/noticia\/?p=67607"},"modified":"2015-03-11T16:21:53","modified_gmt":"2015-03-11T19:21:53","slug":"emprego-na-construcao-civil-mantem-tendencia-de-queda-e-recua-034-diz-fgv","status":"publish","type":"post","link":"https:\/\/www.redenoticia.com.br\/noticia\/2015\/emprego-na-construcao-civil-mantem-tendencia-de-queda-e-recua-034-diz-fgv\/67607","title":{"rendered":"Emprego na constru\u00e7\u00e3o civil mant\u00e9m tend\u00eancia de queda e recua 0,34%, diz FGV"},"content":{"rendered":"<p> O <strong><em>n\u00edvel de emprego<\/em><\/strong> na constru\u00e7\u00e3o brasileira caiu 0,34% em janeiro passado, na compara\u00e7\u00e3o com dezembro de 2014. O saldo entre demiss\u00f5es e contrata\u00e7\u00f5es ficou negativo em 11,4 mil trabalhadores com carteira assinada. No fim de janeiro, o n\u00famero de trabalhadores do setor somava 3,307 milh\u00f5es. Na compara\u00e7\u00e3o com janeiro do ano passado, houve queda de 6,14%, com redu\u00e7\u00e3o de 216 mil empregos. Os dados est\u00e3o na pesquisa feita pelo Sindicato da Ind\u00fastria da Constru\u00e7\u00e3o Civil do Estado de S\u00e3o Paulo (SindusCon-SP) em parceria com a Funda\u00e7\u00e3o Getulio Vargas (FGV).<\/p>\n<p>Segundo o presidente do SindusCon-SP, Jos\u00e9 Romeu Ferraz Neto, a tend\u00eancia de queda no emprego da constru\u00e7\u00e3o civil \u00e9 decorrente da queda no n\u00edvel de investimentos do pa\u00eds. \u201cO governo precisa reverter esse quadro urgentemente, adotando medidas que estimulem a atividade econ\u00f4mica e evitem uma recess\u00e3o mais generalizada. Nesse sentido, o Executivo deveria rever o projeto de lei que, na pr\u00e1tica, acabar\u00e1 com a desonera\u00e7\u00e3o da folha de pagamento da constru\u00e7\u00e3o e de outros setores.\u201d<\/p>\n<p>A pesquisa mostra que todas as regi\u00f5es do pa\u00eds tiveram resultado negativo, com exce\u00e7\u00e3o da Regi\u00e3o Sul, que registrou alta de 1,19%, com 5,719 mil novos postos de emprego. No Norte, foram 3,559 mil postos de trabalho a menos (-1,69%); no Nordeste,11,288 mil vagas a menos (-1,56%); no Sudeste, menos 985 trabalhadores empregados (-0,06%); e, no Centro-Oeste, menos 1,284 mil postos de trabalho (-0,51%).<\/p>\n<p>No estado de S\u00e3o Paulo, o n\u00edvel de emprego na constru\u00e7\u00e3o aumentou 0,67% em janeiro, com a contrata\u00e7\u00e3o de 5.629 trabalhadores. Na compara\u00e7\u00e3o com o mesmo per\u00edodo do ano passado, o indicador apresenta queda de 4,83%, com o fechamento de 42.878 vagas. Com o resultado, o n\u00famero de empregos formais na constru\u00e7\u00e3o civil no estado ao final de janeiro somava 844,5 mil.<\/p>\n<p>Fl\u00e1via Albuquerque \u2014 Rep\u00f3rter da Ag\u00eancia Brasil<br \/>\nEdi\u00e7\u00e3o: Denise Griesinger<\/p>\n","protected":false},"excerpt":{"rendered":"<p>O n\u00edvel de emprego na constru\u00e7\u00e3o brasileira caiu 0,34% em janeiro passado, na compara\u00e7\u00e3o com dezembro de 2014. O saldo entre demiss\u00f5es e contrata\u00e7\u00f5es ficou negativo em 11,4 mil trabalhadores com carteira assinada. No fim de janeiro, o n\u00famero de trabalhadores do setor somava 3,307 milh\u00f5es. Na compara\u00e7\u00e3o com janeiro do ano passado, houve queda [&hellip;]<\/p>\n","protected":false},"author":2,"featured_media":57585,"comment_status":"open","ping_status":"closed","sticky":false,"template":"","format":"standard","meta":{"_genesis_hide_title":false,"_genesis_hide_breadcrumbs":false,"_genesis_hide_singular_image":false,"_genesis_hide_footer_widgets":false,"_genesis_custom_body_class":"","_genesis_custom_post_class":"","_genesis_layout":"","_jetpack_memberships_contains_paid_content":false,"footnotes":""},"categories":[22,7],"tags":[],"class_list":{"0":"post-67607","1":"post","2":"type-post","3":"status-publish","4":"format-standard","5":"has-post-thumbnail","7":"category-brasil","8":"category-economia","9":"entry","10":"gs-1","11":"gs-odd","12":"gs-even","13":"gs-featured-content-entry"},"jetpack_featured_media_url":"https:\/\/www.redenoticia.com.br\/noticia\/imagens\/analise-economia.jpg","jetpack_sharing_enabled":true,"jetpack_likes_enabled":true,"_links":{"self":[{"href":"https:\/\/www.redenoticia.com.br\/noticia\/wp-json\/wp\/v2\/posts\/67607","targetHints":{"allow":["GET"]}}],"collection":[{"href":"https:\/\/www.redenoticia.com.br\/noticia\/wp-json\/wp\/v2\/posts"}],"about":[{"href":"https:\/\/www.redenoticia.com.br\/noticia\/wp-json\/wp\/v2\/types\/post"}],"author":[{"embeddable":true,"href":"https:\/\/www.redenoticia.com.br\/noticia\/wp-json\/wp\/v2\/users\/2"}],"replies":[{"embeddable":true,"href":"https:\/\/www.redenoticia.com.br\/noticia\/wp-json\/wp\/v2\/comments?post=67607"}],"version-history":[{"count":0,"href":"https:\/\/www.redenoticia.com.br\/noticia\/wp-json\/wp\/v2\/posts\/67607\/revisions"}],"wp:featuredmedia":[{"embeddable":true,"href":"https:\/\/www.redenoticia.com.br\/noticia\/wp-json\/wp\/v2\/media\/57585"}],"wp:attachment":[{"href":"https:\/\/www.redenoticia.com.br\/noticia\/wp-json\/wp\/v2\/media?parent=67607"}],"wp:term":[{"taxonomy":"category","embeddable":true,"href":"https:\/\/www.redenoticia.com.br\/noticia\/wp-json\/wp\/v2\/categories?post=67607"},{"taxonomy":"post_tag","embeddable":true,"href":"https:\/\/www.redenoticia.com.br\/noticia\/wp-json\/wp\/v2\/tags?post=67607"}],"curies":[{"name":"wp","href":"https:\/\/api.w.org\/{rel}","templated":true}]}}