{"id":67605,"date":"2015-03-11T16:18:39","date_gmt":"2015-03-11T19:18:39","guid":{"rendered":"http:\/\/www.redenoticia.com.br\/noticia\/?p=67605"},"modified":"2015-03-11T16:18:39","modified_gmt":"2015-03-11T19:18:39","slug":"imposto-de-renda-mp-com-reajuste-da-tabela-e-publicada-no-diario-oficial","status":"publish","type":"post","link":"https:\/\/www.redenoticia.com.br\/noticia\/2015\/imposto-de-renda-mp-com-reajuste-da-tabela-e-publicada-no-diario-oficial\/67605","title":{"rendered":"Imposto de Renda: MP com reajuste da tabela \u00e9 publicada no Di\u00e1rio Oficial"},"content":{"rendered":"<p> O Di\u00e1rio Oficial da Uni\u00e3o publicou a Medida Provis\u00f3ria (MP) 670, que traz os reajustes da tabela do <strong><em>Imposto de Renda<\/em><\/strong> das Pessoas F\u00edsicas. O acordo para o reajuste tabela foi fechado entre l\u00edderes do Congresso e o ministro da Fazenda, Joaquim Levy.<\/p>\n<p>A MP estabelece a corre\u00e7\u00e3o escalonada na tabela: nas duas primeiras faixas salariais, o imposto de renda ser\u00e1 reajustado em 6,5%. Na terceira faixa, o reajuste ser\u00e1 de 5,5%; na quarta faixa ser\u00e1 reajustado em 5%; e na \u00faltima faixa \u2013 que contempla os sal\u00e1rios mais altos \u2013 ser\u00e1 reajustado em 4,5%.<\/p>\n<p>Com a corre\u00e7\u00e3o, quem ganha at\u00e9 R$ 1.903,98 estar\u00e1 isento do imposto. Na faixa entre R$ 1.903,99 e R$ 2.826,65, o contribuinte pagar\u00e1 7,5% de IR. A al\u00edquota de 15% passar\u00e1 a incidir sobre as rendas entre R$ 2.826,66 e R$ 3.751,05. Na quarta faixa, est\u00e3o os cidad\u00e3os que ganham entre R$ 3.751,06 e R$ 4.664,68, que pagar\u00e3o imposto de 22%. A maior al\u00edquota, de 27,5% passa a ser aplicada a quem recebe a partir de R$ 4.664,69.<\/p>\n<p>De acordo com a MP, a corre\u00e7\u00e3o vale a partir de abril do ano-calend\u00e1rio de 2015 ou seja, n\u00e3o ter\u00e1 efeito para as declara\u00e7\u00f5es que est\u00e3o sendo entregues at\u00e9 o dia 30 de abril.<\/p>\n<p>Daniel Lima \u2013 Rep\u00f3rter da Ag\u00eancia Brasil<br \/>\nEdi\u00e7\u00e3o: Denise Griesinger<\/p>\n","protected":false},"excerpt":{"rendered":"<p>O Di\u00e1rio Oficial da Uni\u00e3o publicou a Medida Provis\u00f3ria (MP) 670, que traz os reajustes da tabela do Imposto de Renda das Pessoas F\u00edsicas. O acordo para o reajuste tabela foi fechado entre l\u00edderes do Congresso e o ministro da Fazenda, Joaquim Levy. A MP estabelece a corre\u00e7\u00e3o escalonada na tabela: nas duas primeiras faixas [&hellip;]<\/p>\n","protected":false},"author":2,"featured_media":23889,"comment_status":"open","ping_status":"closed","sticky":false,"template":"","format":"standard","meta":{"_genesis_hide_title":false,"_genesis_hide_breadcrumbs":false,"_genesis_hide_singular_image":false,"_genesis_hide_footer_widgets":false,"_genesis_custom_body_class":"","_genesis_custom_post_class":"","_genesis_layout":"","_jetpack_memberships_contains_paid_content":false,"footnotes":""},"categories":[22,7],"tags":[],"class_list":{"0":"post-67605","1":"post","2":"type-post","3":"status-publish","4":"format-standard","5":"has-post-thumbnail","7":"category-brasil","8":"category-economia","9":"entry","10":"gs-1","11":"gs-odd","12":"gs-even","13":"gs-featured-content-entry"},"jetpack_featured_media_url":"https:\/\/www.redenoticia.com.br\/noticia\/imagens\/receita-federal-irpf-2010.jpg","jetpack_sharing_enabled":true,"jetpack_likes_enabled":true,"_links":{"self":[{"href":"https:\/\/www.redenoticia.com.br\/noticia\/wp-json\/wp\/v2\/posts\/67605","targetHints":{"allow":["GET"]}}],"collection":[{"href":"https:\/\/www.redenoticia.com.br\/noticia\/wp-json\/wp\/v2\/posts"}],"about":[{"href":"https:\/\/www.redenoticia.com.br\/noticia\/wp-json\/wp\/v2\/types\/post"}],"author":[{"embeddable":true,"href":"https:\/\/www.redenoticia.com.br\/noticia\/wp-json\/wp\/v2\/users\/2"}],"replies":[{"embeddable":true,"href":"https:\/\/www.redenoticia.com.br\/noticia\/wp-json\/wp\/v2\/comments?post=67605"}],"version-history":[{"count":0,"href":"https:\/\/www.redenoticia.com.br\/noticia\/wp-json\/wp\/v2\/posts\/67605\/revisions"}],"wp:featuredmedia":[{"embeddable":true,"href":"https:\/\/www.redenoticia.com.br\/noticia\/wp-json\/wp\/v2\/media\/23889"}],"wp:attachment":[{"href":"https:\/\/www.redenoticia.com.br\/noticia\/wp-json\/wp\/v2\/media?parent=67605"}],"wp:term":[{"taxonomy":"category","embeddable":true,"href":"https:\/\/www.redenoticia.com.br\/noticia\/wp-json\/wp\/v2\/categories?post=67605"},{"taxonomy":"post_tag","embeddable":true,"href":"https:\/\/www.redenoticia.com.br\/noticia\/wp-json\/wp\/v2\/tags?post=67605"}],"curies":[{"name":"wp","href":"https:\/\/api.w.org\/{rel}","templated":true}]}}