{"id":67601,"date":"2015-03-11T16:12:58","date_gmt":"2015-03-11T19:12:58","guid":{"rendered":"http:\/\/www.redenoticia.com.br\/noticia\/?p=67601"},"modified":"2015-03-11T16:12:58","modified_gmt":"2015-03-11T19:12:58","slug":"senado-aprova-fim-de-coligacoes-em-eleicoes-para-deputados-e-vereadores","status":"publish","type":"post","link":"https:\/\/www.redenoticia.com.br\/noticia\/2015\/senado-aprova-fim-de-coligacoes-em-eleicoes-para-deputados-e-vereadores\/67601","title":{"rendered":"Senado aprova fim de coliga\u00e7\u00f5es em elei\u00e7\u00f5es para deputados e vereadores"},"content":{"rendered":"<p> O Senado aprovou, em primeiro turno, a Proposta de Emenda \u00e0 Constitui\u00e7\u00e3o (PEC) 40, que acaba com as coliga\u00e7\u00f5es eleitorais em <strong><em>elei\u00e7\u00f5es<\/em><\/strong> proporcionais. Elas valer\u00e3o apenas para as elei\u00e7\u00f5es majorit\u00e1rias. A PEC 40 \u00e9 uma das que fazem parte da reforma pol\u00edtica. <\/p>\n<p>Na pr\u00e1tica, a PEC estabelece que os partidos s\u00f3 poder\u00e3o se coligar nas elei\u00e7\u00f5es para cargos do Executivo \u2013 federal, estadual e municipal \u2013 e para o Senado. Dessa forma, ficam proibidas as coliga\u00e7\u00f5es para as disputas \u00e0 C\u00e2mara dos Deputados, assembleias legislativas, C\u00e2mara Legislativa do Distrito Federal e c\u00e2maras de vereadores.<\/p>\n<p>Pela proposta, n\u00e3o ser\u00e1 mais poss\u00edvel, por exemplo, que dois partidos que n\u00e3o alcan\u00e7aram o n\u00famero necess\u00e1rio de votos para atingir o coeficiente eleitoral se unam para eleger um candidato. Tamb\u00e9m n\u00e3o haver\u00e1 mais substitui\u00e7\u00e3o de parlamentar eleito por suplente de outro partido.<\/p>\n<p>A PEC foi aprovada em primeiro turno, mas somente o texto-base, sem a an\u00e1lise das emendas apresentadas. Um calend\u00e1rio especial para a conclus\u00e3o da vota\u00e7\u00e3o de primeiro turno e para o segundo turno tamb\u00e9m foi aprovado pelos senadores. A expectativa \u00e9 que a vota\u00e7\u00e3o final ocorra na pr\u00f3xima semana, quebrando os interst\u00edcios das tr\u00eas sess\u00f5es de discuss\u00e3o necess\u00e1rias para a sua vota\u00e7\u00e3o.<\/p>\n<p>Mariana Jungmann &#8211; Rep\u00f3rter da Ag\u00eancia Brasil<br \/>\nEdi\u00e7\u00e3o: Luana Louren\u00e7o<\/p>\n","protected":false},"excerpt":{"rendered":"<p>O Senado aprovou, em primeiro turno, a Proposta de Emenda \u00e0 Constitui\u00e7\u00e3o (PEC) 40, que acaba com as coliga\u00e7\u00f5es eleitorais em elei\u00e7\u00f5es proporcionais. Elas valer\u00e3o apenas para as elei\u00e7\u00f5es majorit\u00e1rias. A PEC 40 \u00e9 uma das que fazem parte da reforma pol\u00edtica. Na pr\u00e1tica, a PEC estabelece que os partidos s\u00f3 poder\u00e3o se coligar nas [&hellip;]<\/p>\n","protected":false},"author":2,"featured_media":39956,"comment_status":"open","ping_status":"closed","sticky":false,"template":"","format":"standard","meta":{"_genesis_hide_title":false,"_genesis_hide_breadcrumbs":false,"_genesis_hide_singular_image":false,"_genesis_hide_footer_widgets":false,"_genesis_custom_body_class":"","_genesis_custom_post_class":"","_genesis_layout":"","_jetpack_memberships_contains_paid_content":false,"footnotes":""},"categories":[22],"tags":[],"class_list":{"0":"post-67601","1":"post","2":"type-post","3":"status-publish","4":"format-standard","5":"has-post-thumbnail","7":"category-brasil","8":"entry","9":"gs-1","10":"gs-odd","11":"gs-even","12":"gs-featured-content-entry"},"jetpack_featured_media_url":"https:\/\/www.redenoticia.com.br\/noticia\/imagens\/eleicao-voto-campanha-eleitoral-resultado.jpg","jetpack_sharing_enabled":true,"jetpack_likes_enabled":true,"_links":{"self":[{"href":"https:\/\/www.redenoticia.com.br\/noticia\/wp-json\/wp\/v2\/posts\/67601","targetHints":{"allow":["GET"]}}],"collection":[{"href":"https:\/\/www.redenoticia.com.br\/noticia\/wp-json\/wp\/v2\/posts"}],"about":[{"href":"https:\/\/www.redenoticia.com.br\/noticia\/wp-json\/wp\/v2\/types\/post"}],"author":[{"embeddable":true,"href":"https:\/\/www.redenoticia.com.br\/noticia\/wp-json\/wp\/v2\/users\/2"}],"replies":[{"embeddable":true,"href":"https:\/\/www.redenoticia.com.br\/noticia\/wp-json\/wp\/v2\/comments?post=67601"}],"version-history":[{"count":0,"href":"https:\/\/www.redenoticia.com.br\/noticia\/wp-json\/wp\/v2\/posts\/67601\/revisions"}],"wp:featuredmedia":[{"embeddable":true,"href":"https:\/\/www.redenoticia.com.br\/noticia\/wp-json\/wp\/v2\/media\/39956"}],"wp:attachment":[{"href":"https:\/\/www.redenoticia.com.br\/noticia\/wp-json\/wp\/v2\/media?parent=67601"}],"wp:term":[{"taxonomy":"category","embeddable":true,"href":"https:\/\/www.redenoticia.com.br\/noticia\/wp-json\/wp\/v2\/categories?post=67601"},{"taxonomy":"post_tag","embeddable":true,"href":"https:\/\/www.redenoticia.com.br\/noticia\/wp-json\/wp\/v2\/tags?post=67601"}],"curies":[{"name":"wp","href":"https:\/\/api.w.org\/{rel}","templated":true}]}}