{"id":67536,"date":"2015-03-10T13:25:27","date_gmt":"2015-03-10T16:25:27","guid":{"rendered":"http:\/\/www.redenoticia.com.br\/noticia\/?p=67536"},"modified":"2015-03-10T13:25:27","modified_gmt":"2015-03-10T16:25:27","slug":"tesouro-descarta-mudanca-no-grau-de-investimento-de-titulos-do-governo","status":"publish","type":"post","link":"https:\/\/www.redenoticia.com.br\/noticia\/2015\/tesouro-descarta-mudanca-no-grau-de-investimento-de-titulos-do-governo\/67536","title":{"rendered":"Tesouro descarta mudan\u00e7a no grau de investimento de t\u00edtulos do governo"},"content":{"rendered":"<p> O secret\u00e1rio do Tesouro Nacional, Marcelo Saintive, avalia que n\u00e3o existe risco de mudan\u00e7a no <strong><em>grau de investimento dos t\u00edtulos do governo federal<\/em><\/strong> por parte das ag\u00eancias de classifica\u00e7\u00e3o.<\/p>\n<p>Santive participou do an\u00fancio das medidas que facilitam as aplica\u00e7\u00f5es do Tesouro Direto para os cidad\u00e3os que pretendem fugir de outros investimentos oferecidos pelos bancos e corretores.<\/p>\n<p>No \u00faltimo dia 5, o ministro da Fazenda, Joaquim Levy, e outros integrantes da equipe econ\u00f4mica receberam, em Bras\u00edlia, a visita de representantes da ag\u00eancia de classifica\u00e7\u00e3o de risco Standard &#038; Poor&#8217;s (S&#038;P). Na ocasi\u00e3o, a equipe apresentou as medidas econ\u00f4micas que est\u00e3o sendo implementadas com o objetivo de garantir sustentabilidade fiscal de m\u00e9dio prazo e estabilidade monet\u00e1ria.<\/p>\n<p>&#8220;[As medidas] s\u00e3o fatores relevantes para a manuten\u00e7\u00e3o da confian\u00e7a dos investidores na economia \u2013 condi\u00e7\u00e3o essencial para o crescimento sustent\u00e1vel e a manuten\u00e7\u00e3o dos ganhos sociais conquistados\u201d, informou em nota, o Minist\u00e9rio da Fazenda.<\/p>\n<p>Daniel Lima &#8211; Rep\u00f3rter da Ag\u00eancia Brasil<br \/>\nEdi\u00e7\u00e3o: Val\u00e9ria Aguiar<\/p>\n","protected":false},"excerpt":{"rendered":"<p>O secret\u00e1rio do Tesouro Nacional, Marcelo Saintive, avalia que n\u00e3o existe risco de mudan\u00e7a no grau de investimento dos t\u00edtulos do governo federal por parte das ag\u00eancias de classifica\u00e7\u00e3o. Santive participou do an\u00fancio das medidas que facilitam as aplica\u00e7\u00f5es do Tesouro Direto para os cidad\u00e3os que pretendem fugir de outros investimentos oferecidos pelos bancos e [&hellip;]<\/p>\n","protected":false},"author":2,"featured_media":38938,"comment_status":"open","ping_status":"closed","sticky":false,"template":"","format":"standard","meta":{"_genesis_hide_title":false,"_genesis_hide_breadcrumbs":false,"_genesis_hide_singular_image":false,"_genesis_hide_footer_widgets":false,"_genesis_custom_body_class":"","_genesis_custom_post_class":"","_genesis_layout":"","_jetpack_memberships_contains_paid_content":false,"footnotes":""},"categories":[22,7],"tags":[],"class_list":{"0":"post-67536","1":"post","2":"type-post","3":"status-publish","4":"format-standard","5":"has-post-thumbnail","7":"category-brasil","8":"category-economia","9":"entry","10":"gs-1","11":"gs-odd","12":"gs-even","13":"gs-featured-content-entry"},"jetpack_featured_media_url":"https:\/\/www.redenoticia.com.br\/noticia\/imagens\/economia1.jpg","jetpack_sharing_enabled":true,"jetpack_likes_enabled":true,"_links":{"self":[{"href":"https:\/\/www.redenoticia.com.br\/noticia\/wp-json\/wp\/v2\/posts\/67536","targetHints":{"allow":["GET"]}}],"collection":[{"href":"https:\/\/www.redenoticia.com.br\/noticia\/wp-json\/wp\/v2\/posts"}],"about":[{"href":"https:\/\/www.redenoticia.com.br\/noticia\/wp-json\/wp\/v2\/types\/post"}],"author":[{"embeddable":true,"href":"https:\/\/www.redenoticia.com.br\/noticia\/wp-json\/wp\/v2\/users\/2"}],"replies":[{"embeddable":true,"href":"https:\/\/www.redenoticia.com.br\/noticia\/wp-json\/wp\/v2\/comments?post=67536"}],"version-history":[{"count":0,"href":"https:\/\/www.redenoticia.com.br\/noticia\/wp-json\/wp\/v2\/posts\/67536\/revisions"}],"wp:featuredmedia":[{"embeddable":true,"href":"https:\/\/www.redenoticia.com.br\/noticia\/wp-json\/wp\/v2\/media\/38938"}],"wp:attachment":[{"href":"https:\/\/www.redenoticia.com.br\/noticia\/wp-json\/wp\/v2\/media?parent=67536"}],"wp:term":[{"taxonomy":"category","embeddable":true,"href":"https:\/\/www.redenoticia.com.br\/noticia\/wp-json\/wp\/v2\/categories?post=67536"},{"taxonomy":"post_tag","embeddable":true,"href":"https:\/\/www.redenoticia.com.br\/noticia\/wp-json\/wp\/v2\/tags?post=67536"}],"curies":[{"name":"wp","href":"https:\/\/api.w.org\/{rel}","templated":true}]}}