{"id":67534,"date":"2015-03-10T13:22:42","date_gmt":"2015-03-10T16:22:42","guid":{"rendered":"http:\/\/www.redenoticia.com.br\/noticia\/?p=67534"},"modified":"2015-03-10T13:22:42","modified_gmt":"2015-03-10T16:22:42","slug":"indice-que-reajusta-aluguel-tem-alta-de-074-na-previa-de-marco","status":"publish","type":"post","link":"https:\/\/www.redenoticia.com.br\/noticia\/2015\/indice-que-reajusta-aluguel-tem-alta-de-074-na-previa-de-marco\/67534","title":{"rendered":"\u00cdndice que reajusta aluguel tem alta de 0,74% na pr\u00e9via de mar\u00e7o"},"content":{"rendered":"<p> A primeira pr\u00e9via de mar\u00e7o do \u00cdndice Geral de Pre\u00e7os do Mercado (<strong><em>IGP-M<\/em><\/strong>), usado no reajuste de contratos de aluguel, registrou infla\u00e7\u00e3o de 0,74%, acima da taxa de fevereiro, com varia\u00e7\u00e3o de 0,09%. Em 12 meses, o IGP-M acumula taxa de 2,92%, segundo a Funda\u00e7\u00e3o Getulio Vargas (FGV).  A apura\u00e7\u00e3o foi calculada com base em pre\u00e7os coletados de 21 a 28 de fevereiro.<\/p>\n<p>A alta foi puxada pelos pre\u00e7os no atacado, medidos pelo sub\u00edndice de Pre\u00e7os ao Produtor Amplo, que subiram 0,79% na pr\u00e9via de mar\u00e7o. Na pr\u00e9via de fevereiro, o sub\u00edndice registrou defla\u00e7\u00e3o (queda de pre\u00e7os) de 0,34%.<\/p>\n<p>Os pre\u00e7os no varejo e na constru\u00e7\u00e3o civil tiveram aumento mais moderado na pr\u00e9via de mar\u00e7o. A infla\u00e7\u00e3o do sub\u00edndice de Pre\u00e7os ao Consumidor, que mede o varejo, caiu de 0,97% em fevereiro para 0,88% em mar\u00e7o, enquanto a taxa do sub\u00edndice de Custo da Constru\u00e7\u00e3o recuou de 0,67% para 0,2%. <\/p>\n<p>Vitor Abdala &#8211; Rep\u00f3rter da Ag\u00eancia Brasil<br \/>\nEdi\u00e7\u00e3o: Val\u00e9ria Aguiar<br \/>\n\u00cdndice que reajusta aluguel tem alta de 0,74% na pr\u00e9via de mar\u00e7o<\/p>\n","protected":false},"excerpt":{"rendered":"<p>A primeira pr\u00e9via de mar\u00e7o do \u00cdndice Geral de Pre\u00e7os do Mercado (IGP-M), usado no reajuste de contratos de aluguel, registrou infla\u00e7\u00e3o de 0,74%, acima da taxa de fevereiro, com varia\u00e7\u00e3o de 0,09%. Em 12 meses, o IGP-M acumula taxa de 2,92%, segundo a Funda\u00e7\u00e3o Getulio Vargas (FGV). A apura\u00e7\u00e3o foi calculada com base em [&hellip;]<\/p>\n","protected":false},"author":2,"featured_media":57583,"comment_status":"open","ping_status":"closed","sticky":false,"template":"","format":"standard","meta":{"_genesis_hide_title":false,"_genesis_hide_breadcrumbs":false,"_genesis_hide_singular_image":false,"_genesis_hide_footer_widgets":false,"_genesis_custom_body_class":"","_genesis_custom_post_class":"","_genesis_layout":"","_jetpack_memberships_contains_paid_content":false,"footnotes":""},"categories":[22,7],"tags":[],"class_list":{"0":"post-67534","1":"post","2":"type-post","3":"status-publish","4":"format-standard","5":"has-post-thumbnail","7":"category-brasil","8":"category-economia","9":"entry","10":"gs-1","11":"gs-odd","12":"gs-even","13":"gs-featured-content-entry"},"jetpack_featured_media_url":"https:\/\/www.redenoticia.com.br\/noticia\/imagens\/economia-grafico.jpg","jetpack_sharing_enabled":true,"jetpack_likes_enabled":true,"_links":{"self":[{"href":"https:\/\/www.redenoticia.com.br\/noticia\/wp-json\/wp\/v2\/posts\/67534","targetHints":{"allow":["GET"]}}],"collection":[{"href":"https:\/\/www.redenoticia.com.br\/noticia\/wp-json\/wp\/v2\/posts"}],"about":[{"href":"https:\/\/www.redenoticia.com.br\/noticia\/wp-json\/wp\/v2\/types\/post"}],"author":[{"embeddable":true,"href":"https:\/\/www.redenoticia.com.br\/noticia\/wp-json\/wp\/v2\/users\/2"}],"replies":[{"embeddable":true,"href":"https:\/\/www.redenoticia.com.br\/noticia\/wp-json\/wp\/v2\/comments?post=67534"}],"version-history":[{"count":0,"href":"https:\/\/www.redenoticia.com.br\/noticia\/wp-json\/wp\/v2\/posts\/67534\/revisions"}],"wp:featuredmedia":[{"embeddable":true,"href":"https:\/\/www.redenoticia.com.br\/noticia\/wp-json\/wp\/v2\/media\/57583"}],"wp:attachment":[{"href":"https:\/\/www.redenoticia.com.br\/noticia\/wp-json\/wp\/v2\/media?parent=67534"}],"wp:term":[{"taxonomy":"category","embeddable":true,"href":"https:\/\/www.redenoticia.com.br\/noticia\/wp-json\/wp\/v2\/categories?post=67534"},{"taxonomy":"post_tag","embeddable":true,"href":"https:\/\/www.redenoticia.com.br\/noticia\/wp-json\/wp\/v2\/tags?post=67534"}],"curies":[{"name":"wp","href":"https:\/\/api.w.org\/{rel}","templated":true}]}}