{"id":67532,"date":"2015-03-10T13:20:21","date_gmt":"2015-03-10T16:20:21","guid":{"rendered":"http:\/\/www.redenoticia.com.br\/noticia\/?p=67532"},"modified":"2015-03-10T13:20:21","modified_gmt":"2015-03-10T16:20:21","slug":"inflacao-medida-pelo-ipc-s-registra-alta-nas-sete-capitais-pesquisadas","status":"publish","type":"post","link":"https:\/\/www.redenoticia.com.br\/noticia\/2015\/inflacao-medida-pelo-ipc-s-registra-alta-nas-sete-capitais-pesquisadas\/67532","title":{"rendered":"Infla\u00e7\u00e3o medida pelo IPC-S registra alta nas sete capitais pesquisadas"},"content":{"rendered":"<p> A <strong><em>infla\u00e7\u00e3o<\/em><\/strong> medida pelo \u00cdndice de Pre\u00e7os ao Consumidor Semanal (IPC-S) avan\u00e7ou na primeira semana de mar\u00e7o e registra eleva\u00e7\u00e3o de pre\u00e7os em todas as sete capitais pesquisadas. A alta, de 1,26% na semana encerrada no \u00faltimo dia 7, \u00e9 0,29 ponto percentual maior do que o \u00edndice de 0,97% da semana imediatamente anterior.<\/p>\n<p> Os dados foram divulgados pelo Instituto Brasileiro de Economia (Ibre) da Funda\u00e7\u00e3o Getulio Vargas (FGV).  Bras\u00edlia e Belo Horizonte s\u00e3o as capitais com o maior IPC-S do pa\u00eds, ambas com alta de 1,49%.<\/p>\n<p>O IPC-S integra o sistema de \u00edndices de pre\u00e7os ao consumidor da FGV. Apesar de a coleta ser semanal, a apura\u00e7\u00e3o do \u00edndice leva em conta a m\u00e9dia dos pre\u00e7os coletados nas quatro \u00faltimas semanas at\u00e9 a data de fechamento. O \u00edndice permite detectar com agilidade mudan\u00e7as de curso na trajet\u00f3ria dos pre\u00e7os nas seguintes cidades: Recife, Salvador, Rio de Janeiro, S\u00e3o Paulo, Belo Horizonte, Bras\u00edlia e Porto Alegre.<\/p>\n<p>Registraram ainda eleva\u00e7\u00e3o acima da m\u00e9dia global de 1,26% S\u00e3o Paulo e Salvador, com altas de, respectivamente, 1,3% e 1,27%. Embora tenham registrado \u00edndices maiores do que na semana anterior, Porto Alegre, Recife e Rio de Janeiro ficaram abaixo da m\u00e9dia nacional do IPC-S.<\/p>\n<p>O Rio de Janeiro registrou a menor varia\u00e7\u00e3o: 1,09%, ficando 0,17 ponto percentual abaixo da varia\u00e7\u00e3o m\u00e9dia para as sete capitais. Recife teve alta de 1,11% e Porto Alegre, de 1,22%.<\/p>\n<p>Nielmar de Oliveira &#8211; Rep\u00f3rter da Ag\u00eancia Brasil<br \/>\nEdi\u00e7\u00e3o: Jos\u00e9 Romildo<\/p>\n","protected":false},"excerpt":{"rendered":"<p>A infla\u00e7\u00e3o medida pelo \u00cdndice de Pre\u00e7os ao Consumidor Semanal (IPC-S) avan\u00e7ou na primeira semana de mar\u00e7o e registra eleva\u00e7\u00e3o de pre\u00e7os em todas as sete capitais pesquisadas. A alta, de 1,26% na semana encerrada no \u00faltimo dia 7, \u00e9 0,29 ponto percentual maior do que o \u00edndice de 0,97% da semana imediatamente anterior. Os [&hellip;]<\/p>\n","protected":false},"author":2,"featured_media":34916,"comment_status":"open","ping_status":"closed","sticky":false,"template":"","format":"standard","meta":{"_genesis_hide_title":false,"_genesis_hide_breadcrumbs":false,"_genesis_hide_singular_image":false,"_genesis_hide_footer_widgets":false,"_genesis_custom_body_class":"","_genesis_custom_post_class":"","_genesis_layout":"","_jetpack_memberships_contains_paid_content":false,"footnotes":""},"categories":[22,7],"tags":[],"class_list":{"0":"post-67532","1":"post","2":"type-post","3":"status-publish","4":"format-standard","5":"has-post-thumbnail","7":"category-brasil","8":"category-economia","9":"entry","10":"gs-1","11":"gs-odd","12":"gs-even","13":"gs-featured-content-entry"},"jetpack_featured_media_url":"https:\/\/www.redenoticia.com.br\/noticia\/imagens\/inflacao.jpg","jetpack_sharing_enabled":true,"jetpack_likes_enabled":true,"_links":{"self":[{"href":"https:\/\/www.redenoticia.com.br\/noticia\/wp-json\/wp\/v2\/posts\/67532","targetHints":{"allow":["GET"]}}],"collection":[{"href":"https:\/\/www.redenoticia.com.br\/noticia\/wp-json\/wp\/v2\/posts"}],"about":[{"href":"https:\/\/www.redenoticia.com.br\/noticia\/wp-json\/wp\/v2\/types\/post"}],"author":[{"embeddable":true,"href":"https:\/\/www.redenoticia.com.br\/noticia\/wp-json\/wp\/v2\/users\/2"}],"replies":[{"embeddable":true,"href":"https:\/\/www.redenoticia.com.br\/noticia\/wp-json\/wp\/v2\/comments?post=67532"}],"version-history":[{"count":0,"href":"https:\/\/www.redenoticia.com.br\/noticia\/wp-json\/wp\/v2\/posts\/67532\/revisions"}],"wp:featuredmedia":[{"embeddable":true,"href":"https:\/\/www.redenoticia.com.br\/noticia\/wp-json\/wp\/v2\/media\/34916"}],"wp:attachment":[{"href":"https:\/\/www.redenoticia.com.br\/noticia\/wp-json\/wp\/v2\/media?parent=67532"}],"wp:term":[{"taxonomy":"category","embeddable":true,"href":"https:\/\/www.redenoticia.com.br\/noticia\/wp-json\/wp\/v2\/categories?post=67532"},{"taxonomy":"post_tag","embeddable":true,"href":"https:\/\/www.redenoticia.com.br\/noticia\/wp-json\/wp\/v2\/tags?post=67532"}],"curies":[{"name":"wp","href":"https:\/\/api.w.org\/{rel}","templated":true}]}}