{"id":67530,"date":"2015-03-10T13:18:20","date_gmt":"2015-03-10T16:18:20","guid":{"rendered":"http:\/\/www.redenoticia.com.br\/noticia\/?p=67530"},"modified":"2015-03-10T13:18:20","modified_gmt":"2015-03-10T16:18:20","slug":"ibge-muda-conceitos-para-producao-de-dados-das-contas-nacionais","status":"publish","type":"post","link":"https:\/\/www.redenoticia.com.br\/noticia\/2015\/ibge-muda-conceitos-para-producao-de-dados-das-contas-nacionais\/67530","title":{"rendered":"IBGE muda conceitos para produ\u00e7\u00e3o de dados das Contas Nacionais"},"content":{"rendered":"<p> O Instituto Brasileiro de Geografia e Estat\u00edstica (IBGE) divulga os primeiros dados das <strong><em>Contas Nacionais<\/em><\/strong>, referentes aos anos de 2010 e 2011, analisados ap\u00f3s a inclus\u00e3o das recomenda\u00e7\u00f5es do Manual Internacional de Contas Nacionais (SNA 2008), da Comiss\u00e3o Europeia, do Fundo Monet\u00e1rio Internacional, da Organiza\u00e7\u00e3o para a Coopera\u00e7\u00e3o e o Desenvolvimento Econ\u00f4mico (OCDE), da Organiza\u00e7\u00e3o das Na\u00e7\u00f5es Unidas (ONU) e do Banco Mundial, que devem ser adotadas pelos pa\u00edses at\u00e9 2016.<\/p>\n<p>Segundo o diretor de Pesquisas do IBGE, Roberto Olinto Ramos, as an\u00e1lises das Contas Nacionais incluem dados de 2000 a 2011, que at\u00e9 agora n\u00e3o foram divulgados porque havia outra metodologia.<\/p>\n<p>Um dos impactos das mudan\u00e7as \u00e9 uma altera\u00e7\u00e3o no c\u00e1lculo do Produto Interno Bruto (PIB). \u201cA gente tem algumas modifica\u00e7\u00f5es que v\u00e3o influenciar tanto a taxa de crescimento, quanto os valores nominais do PIB e de algumas atividades econ\u00f4micas\u201d, disse a gerente de Contas Nacionais do IBGE, Rebeca Palis.<\/p>\n<p>Ela explicou que uma das principais mudan\u00e7as no Manual Internacional \u00e9 a modifica\u00e7\u00e3o na classifica\u00e7\u00e3o dos ativos fixos, o que influencia diretamente o investimento e, em cadeia, vai afetar a forma\u00e7\u00e3o bruta do capital fixo, modificar a mensura\u00e7\u00e3o dos investimentos, e, por fim, a taxa de investimento.<\/p>\n<p>O diretor de Pesquisas adiantou que o novo conceito tamb\u00e9m vai permitir a an\u00e1lise de informa\u00e7\u00f5es sobre as fam\u00edlias que est\u00e3o inclu\u00eddas no Imposto de Renda Pessoa F\u00edsica (IRPF). \u201cO Imposto de Renda Pessoa F\u00edsica \u00e9 uma novidade \u00e0 que a gente conseguiu ter acesso, que muda um pouco as nossas an\u00e1lises. A gente tem uma fonte adicional de dados muito rica, muito completa, com alguns pr\u00e9-requisitos de an\u00e1lise\u201d, disse Ramos, durante semin\u00e1rio promovido pelo IBGE para explicar as altera\u00e7\u00f5es aos jornalistas.<\/p>\n<p>Ele explicou que na an\u00e1lise do IRPF ser\u00e1 poss\u00edvel identificar a remunera\u00e7\u00e3o das fam\u00edlias, o que as pessoas t\u00eam de poupan\u00e7a, de dividendos. Em rela\u00e7\u00e3o ao patrim\u00f4nio, poder\u00e1 ser verificado no futuro. \u201cS\u00e3o informa\u00e7\u00f5es que s\u00f3 existem l\u00e1. O Imposto de Renda, a gente come\u00e7ou a explorar e \u00e9 uma fonte riqu\u00edssima do futuro. N\u00e3o est\u00e1 completamente, explorada. Conseguimos tirar todo o potencial do Imposto de Renda, mas o que a gente j\u00e1 conseguiu fazer \u00e9 uma mudan\u00e7a pesada na possibilidade de olhar a economia. Primeiro, um olhar melhor sobre as fam\u00edlias.\u201d<\/p>\n<p>Para Ramos, raramente se tem uma mudan\u00e7a t\u00e3o forte na forma de olhar a economia mundial. Ele explicou que a origem dos conceitos geralmente est\u00e1 ligada a quest\u00f5es pr\u00e1ticas, determinadas em f\u00f3runs internacionais que definem um padr\u00e3o. \u201cA ideia \u00e9 que se estabele\u00e7a um padr\u00e3o, a ser seguido por todos os pa\u00edses, para mudan\u00e7a no Manual de 2008. O que \u00e9 um ativo financeiro, a forma\u00e7\u00e3o bruta de capital. Uma s\u00e9rie de produtos que eram considerados gastos s\u00e3o considerados financeiros. Agora, todo o gasto em prospec\u00e7\u00e3o, independentemente de seu resultado final, gera conhecimento e isso \u00e9 um ativo e come\u00e7ou a ser considerado assim.\u201d<\/p>\n<p>Cristina Indio do Brasil &#8211; Rep\u00f3rter da Ag\u00eancia Brasil<br \/>\nEdi\u00e7\u00e3o: Gra\u00e7a Adjuto<\/p>\n","protected":false},"excerpt":{"rendered":"<p>O Instituto Brasileiro de Geografia e Estat\u00edstica (IBGE) divulga os primeiros dados das Contas Nacionais, referentes aos anos de 2010 e 2011, analisados ap\u00f3s a inclus\u00e3o das recomenda\u00e7\u00f5es do Manual Internacional de Contas Nacionais (SNA 2008), da Comiss\u00e3o Europeia, do Fundo Monet\u00e1rio Internacional, da Organiza\u00e7\u00e3o para a Coopera\u00e7\u00e3o e o Desenvolvimento Econ\u00f4mico (OCDE), da Organiza\u00e7\u00e3o [&hellip;]<\/p>\n","protected":false},"author":2,"featured_media":57584,"comment_status":"open","ping_status":"closed","sticky":false,"template":"","format":"standard","meta":{"_genesis_hide_title":false,"_genesis_hide_breadcrumbs":false,"_genesis_hide_singular_image":false,"_genesis_hide_footer_widgets":false,"_genesis_custom_body_class":"","_genesis_custom_post_class":"","_genesis_layout":"","_jetpack_memberships_contains_paid_content":false,"footnotes":""},"categories":[22,7],"tags":[],"class_list":{"0":"post-67530","1":"post","2":"type-post","3":"status-publish","4":"format-standard","5":"has-post-thumbnail","7":"category-brasil","8":"category-economia","9":"entry","10":"gs-1","11":"gs-odd","12":"gs-even","13":"gs-featured-content-entry"},"jetpack_featured_media_url":"https:\/\/www.redenoticia.com.br\/noticia\/imagens\/economia-grafica-analise-inflacao.jpg","jetpack_sharing_enabled":true,"jetpack_likes_enabled":true,"_links":{"self":[{"href":"https:\/\/www.redenoticia.com.br\/noticia\/wp-json\/wp\/v2\/posts\/67530","targetHints":{"allow":["GET"]}}],"collection":[{"href":"https:\/\/www.redenoticia.com.br\/noticia\/wp-json\/wp\/v2\/posts"}],"about":[{"href":"https:\/\/www.redenoticia.com.br\/noticia\/wp-json\/wp\/v2\/types\/post"}],"author":[{"embeddable":true,"href":"https:\/\/www.redenoticia.com.br\/noticia\/wp-json\/wp\/v2\/users\/2"}],"replies":[{"embeddable":true,"href":"https:\/\/www.redenoticia.com.br\/noticia\/wp-json\/wp\/v2\/comments?post=67530"}],"version-history":[{"count":0,"href":"https:\/\/www.redenoticia.com.br\/noticia\/wp-json\/wp\/v2\/posts\/67530\/revisions"}],"wp:featuredmedia":[{"embeddable":true,"href":"https:\/\/www.redenoticia.com.br\/noticia\/wp-json\/wp\/v2\/media\/57584"}],"wp:attachment":[{"href":"https:\/\/www.redenoticia.com.br\/noticia\/wp-json\/wp\/v2\/media?parent=67530"}],"wp:term":[{"taxonomy":"category","embeddable":true,"href":"https:\/\/www.redenoticia.com.br\/noticia\/wp-json\/wp\/v2\/categories?post=67530"},{"taxonomy":"post_tag","embeddable":true,"href":"https:\/\/www.redenoticia.com.br\/noticia\/wp-json\/wp\/v2\/tags?post=67530"}],"curies":[{"name":"wp","href":"https:\/\/api.w.org\/{rel}","templated":true}]}}