{"id":67494,"date":"2015-03-09T13:48:35","date_gmt":"2015-03-09T16:48:35","guid":{"rendered":"http:\/\/www.redenoticia.com.br\/noticia\/?p=67494"},"modified":"2015-03-09T13:48:35","modified_gmt":"2015-03-09T16:48:35","slug":"mercado-espera-inflacao-de-777-para-2015","status":"publish","type":"post","link":"https:\/\/www.redenoticia.com.br\/noticia\/2015\/mercado-espera-inflacao-de-777-para-2015\/67494","title":{"rendered":"Mercado espera infla\u00e7\u00e3o de 7,77% para 2015"},"content":{"rendered":"<p> Os investidores e analistas do mercado financeiro voltaram a elevar a expectativa de fechamento da <strong><em>infla\u00e7\u00e3o<\/em><\/strong> para 2015. Segundo o boletim Focus, pesquisa feita com institui\u00e7\u00f5es financeiras divulgada semanalmente pelo Banco Central (BC), a infla\u00e7\u00e3o medida pelo \u00cdndice de Pre\u00e7os ao Consumidor Amplo (IPCA) encerrar\u00e1 o ano em 7,77%, maior do que a previs\u00e3o de 7,47% na semana anterior. Os pre\u00e7os administrados, aqueles regulados pelo governo &#8211; como os da gasolina e da energia &#8211; subir\u00e3o 11,18%. Anteriormente, a estimativa era 11%.<\/p>\n<p>A previs\u00e3o para o IPCA em 2015 se aproxima da alta acumulada pelo \u00edndice no per\u00edodo equivalente a um ano. Na semana passada, o Instituto Brasileiro de Geografia e Estat\u00edstica (IBGE), respons\u00e1vel pelo indicador, divulgou que em fevereiro ele subiu 7,7% no acumulado de 12 meses. Levando em conta apenas o recorte mensal, a alta da infla\u00e7\u00e3o foi 1,22% em fevereiro e havia ficado em 1,24% em janeiro. A meta de infla\u00e7\u00e3o estipulada pela equipe econ\u00f4mica \u00e9 4,5%, com teto de 6,5%.<\/p>\n<p>A expectativa para fechamento da Selic, taxa b\u00e1sica de juros da economia e principal instrumento do BC para controle da infla\u00e7\u00e3o, permaneceu em 13% ao ano para 2015. Isso significa que o mercado espera que o Comit\u00ea de Pol\u00edtica Monet\u00e1ria (Copom) da institui\u00e7\u00e3o eleve a taxa mais uma vez este ano em 0,25 ponto percentual. Na semana passada, o Copom subiu a Selic em 0,5 ponto percentual, chegando a 12,75% ao ano. O patamar de eleva\u00e7\u00e3o confirmou as previs\u00f5es de analistas de mercado. <\/p>\n<p>Com rela\u00e7\u00e3o ao Produto Interno Bruto (PIB, a soma dos bens e servi\u00e7os produzidos no pa\u00eds), a proje\u00e7\u00e3o \u00e9 que a economia ter\u00e1 retra\u00e7\u00e3o de 0,66% contra 0,58% anteriormente. Para a produ\u00e7\u00e3o industrial, \u00e9 esperada queda de 1,38%, e n\u00e3o mais de 0,72% estimado anteriormente.<\/p>\n<p>A proje\u00e7\u00e3o de c\u00e2mbio passou de R$ 2,91 para R$ 2,95. O d\u00f3lar encerrou a semana passada cotado a R$ 3,05. A estimativa da d\u00edvida l\u00edquida do setor p\u00fablico atingiu 38% do PIB. A proje\u00e7\u00e3o anterior era 38,2%. A estimativa do d\u00e9ficit em conta-corrente, que mede a qualidade das contas externas, permaneceu em US$ 79,1 bilh\u00f5es O saldo projetado para a balan\u00e7a comercial caiu de US$ 5 bilh\u00f5es para US$ 4 bilh\u00f5es. Os investimentos estrangeiros estimados seguiram em US$ 60 bilh\u00f5es.<\/p>\n<p>Mariana Branco &#8211; Rep\u00f3rter da Ag\u00eancia Brasil<br \/>\nEdi\u00e7\u00e3o: Jos\u00e9 Romildo<\/p>\n","protected":false},"excerpt":{"rendered":"<p>Os investidores e analistas do mercado financeiro voltaram a elevar a expectativa de fechamento da infla\u00e7\u00e3o para 2015. Segundo o boletim Focus, pesquisa feita com institui\u00e7\u00f5es financeiras divulgada semanalmente pelo Banco Central (BC), a infla\u00e7\u00e3o medida pelo \u00cdndice de Pre\u00e7os ao Consumidor Amplo (IPCA) encerrar\u00e1 o ano em 7,77%, maior do que a previs\u00e3o de [&hellip;]<\/p>\n","protected":false},"author":2,"featured_media":34916,"comment_status":"open","ping_status":"closed","sticky":false,"template":"","format":"standard","meta":{"_genesis_hide_title":false,"_genesis_hide_breadcrumbs":false,"_genesis_hide_singular_image":false,"_genesis_hide_footer_widgets":false,"_genesis_custom_body_class":"","_genesis_custom_post_class":"","_genesis_layout":"","_jetpack_memberships_contains_paid_content":false,"footnotes":""},"categories":[22,7],"tags":[],"class_list":{"0":"post-67494","1":"post","2":"type-post","3":"status-publish","4":"format-standard","5":"has-post-thumbnail","7":"category-brasil","8":"category-economia","9":"entry","10":"gs-1","11":"gs-odd","12":"gs-even","13":"gs-featured-content-entry"},"jetpack_featured_media_url":"https:\/\/www.redenoticia.com.br\/noticia\/imagens\/inflacao.jpg","jetpack_sharing_enabled":true,"jetpack_likes_enabled":true,"_links":{"self":[{"href":"https:\/\/www.redenoticia.com.br\/noticia\/wp-json\/wp\/v2\/posts\/67494","targetHints":{"allow":["GET"]}}],"collection":[{"href":"https:\/\/www.redenoticia.com.br\/noticia\/wp-json\/wp\/v2\/posts"}],"about":[{"href":"https:\/\/www.redenoticia.com.br\/noticia\/wp-json\/wp\/v2\/types\/post"}],"author":[{"embeddable":true,"href":"https:\/\/www.redenoticia.com.br\/noticia\/wp-json\/wp\/v2\/users\/2"}],"replies":[{"embeddable":true,"href":"https:\/\/www.redenoticia.com.br\/noticia\/wp-json\/wp\/v2\/comments?post=67494"}],"version-history":[{"count":0,"href":"https:\/\/www.redenoticia.com.br\/noticia\/wp-json\/wp\/v2\/posts\/67494\/revisions"}],"wp:featuredmedia":[{"embeddable":true,"href":"https:\/\/www.redenoticia.com.br\/noticia\/wp-json\/wp\/v2\/media\/34916"}],"wp:attachment":[{"href":"https:\/\/www.redenoticia.com.br\/noticia\/wp-json\/wp\/v2\/media?parent=67494"}],"wp:term":[{"taxonomy":"category","embeddable":true,"href":"https:\/\/www.redenoticia.com.br\/noticia\/wp-json\/wp\/v2\/categories?post=67494"},{"taxonomy":"post_tag","embeddable":true,"href":"https:\/\/www.redenoticia.com.br\/noticia\/wp-json\/wp\/v2\/tags?post=67494"}],"curies":[{"name":"wp","href":"https:\/\/api.w.org\/{rel}","templated":true}]}}