{"id":67490,"date":"2015-03-09T13:37:50","date_gmt":"2015-03-09T16:37:50","guid":{"rendered":"http:\/\/www.redenoticia.com.br\/noticia\/?p=67490"},"modified":"2015-03-09T13:37:50","modified_gmt":"2015-03-09T16:37:50","slug":"cvm-estimula-a-educacao-financeira","status":"publish","type":"post","link":"https:\/\/www.redenoticia.com.br\/noticia\/2015\/cvm-estimula-a-educacao-financeira\/67490","title":{"rendered":"CVM estimula a educa\u00e7\u00e3o financeira"},"content":{"rendered":"<p>A Comiss\u00e3o de Valores Mobili\u00e1rios (CVM), \u00f3rg\u00e3o regulador e fiscalizador do mercado de capitais, vinculado ao Minist\u00e9rio da Fazenda, participa da 2\u00aa Semana Nacional de <strong><em>Educa\u00e7\u00e3o Financeira<\/em><\/strong> (Semana ENEF), com o lan\u00e7amento de novos projetos educativos, entre os quais aplicativos para smartphones, destinados a adolescentes.<\/p>\n<p>A promo\u00e7\u00e3o se estender\u00e1 at\u00e9 o pr\u00f3ximo dia 15 em todo o territ\u00f3rio nacional, envolvendo mais de 200 iniciativas gratuitas sobre educa\u00e7\u00e3o financeira e planejamento pessoal. No ano passado, foram cerca de 170 eventos cadastrados. O objetivo \u00e9 estimular a atua\u00e7\u00e3o das escolas na promo\u00e7\u00e3o da educa\u00e7\u00e3o financeira, disse o superintendente de Prote\u00e7\u00e3o e Orienta\u00e7\u00e3o aos Investidores da CVM, Jos\u00e9 Alexandre Vasco.<\/p>\n<p>Este ano, cresceu a atua\u00e7\u00e3o presencial da CVM na Semana ENEF. S\u00e3o 36 eventos presenciais agendados para a pr\u00f3xima semana em nove estados. Na quarta-feira (11), a autarquia, sediada no Rio de Janeiro, vai lan\u00e7ar o aplicativo CVM Jogos, voltado a jovens entre 16 e 18 anos.<\/p>\n<p>O superintendente disse que o aplicativo, dispon\u00edvel inicialmente para dispositivos que operam com o sistema Android, traz uma s\u00e9rie de perguntas e respostas e pretende ajudar os jovens a \u201caprender brincando\u201d aspectos relativos \u00e0 educa\u00e7\u00e3o financeira.<\/p>\n<p>Esse \u00e9 o primeiro de uma s\u00e9rie de aplicativos para celular que a CVM vai lan\u00e7ar at\u00e9 o final do ano. \u201cEsse vai ser um esfor\u00e7o cont\u00ednuo para aproximar educa\u00e7\u00e3o financeira e mercado de capitais dos jovens e das crian\u00e7as\u201d. A vers\u00e3o do game para o sistema operacional iOS ser\u00e1 lan\u00e7ada em breve. A CVM j\u00e1 tem um portal infantil, mas est\u00e1 desenvolvendo tamb\u00e9m um projeto eletr\u00f4nico espec\u00edfico para crian\u00e7as menores de 16 anos.<\/p>\n<p>Jos\u00e9 Alexandre Vasco destacou que a educa\u00e7\u00e3o financeira \u00e9 fundamental para a forma\u00e7\u00e3o da poupan\u00e7a. \u201cSem formar poupan\u00e7a, sem formar reservas financeiras, a pessoa n\u00e3o pode se tornar um investidor\u201d.<\/p>\n<p>Essa tem sido uma dificuldade observada na sociedade brasileira, advertiu. Ele enfatizou que o Brasil tem uma das menores taxas dom\u00e9sticas de poupan\u00e7a da Am\u00e9rica Latina. \u201c\u00c9 necess\u00e1rio que a gente desenvolva a\u00e7\u00f5es educacionais que alcancem a popula\u00e7\u00e3o em larga escala para estimular a mudan\u00e7a de atitude e a mudan\u00e7a comportamental que levem a um maior planejamento financeiro e \u00e0 forma\u00e7\u00e3o de poupan\u00e7a\u201d.<\/p>\n<p>Por isso, a CVM est\u00e1 ampliando a sua atua\u00e7\u00e3o educacional para abranger pessoas que ainda n\u00e3o investem, mas t\u00eam potencial de investimento. Nesse caso, o foco \u00e9 a nova classe m\u00e9dia, que reside nos grandes centros urbanos, nas cidades m\u00e9dias e na periferia, que tem capacidade de poupan\u00e7a, mas apresenta ainda uma taxa pequena de poupan\u00e7a e com endividamento, muitas vezes. \u201cEsse \u00e9 um grande desafio\u201d, disse Vasco. A CVM prev\u00ea implantar at\u00e9 o final do um projeto espec\u00edfico para a educa\u00e7\u00e3o financeira e mudan\u00e7a de comportamento da classe m\u00e9dia.<\/p>\n<p>Outras novidades que a CVM apresentar\u00e1 durante a Semana ENEF: o Guia CVM de Planejamento Financeiro, com orienta\u00e7\u00f5es pr\u00e1ticas para elabora\u00e7\u00e3o de planejamento financeiro pessoal; o livro Mercado de Derivativos no Brasil: Conceitos, Produtos e Opera\u00e7\u00f5es, feito em parceria com a BM&amp;FBovespa, voltado a estudantes universit\u00e1rios e o Folheto CVM Educa\u00e7\u00e3o Financeira, que resume as principais atividades educacionais desenvolvidas pela autarquia; al\u00e9m da segunda edi\u00e7\u00e3o do livro Rela\u00e7\u00f5es com Investidores: Da Pequena Empresa ao Mercado de Capitais, elaborada em parceria com o Instituto Brasileiro de Rela\u00e7\u00e3o com Investidores (Ibri). Todas as publica\u00e7\u00f5es poder\u00e3o ser acessadas\u00a0no .<\/p>\n<p>A Semana ENEF \u00e9 organizada pelo Comit\u00ea Nacional de Educa\u00e7\u00e3o Financeira (Conef), com o objetivo de divulgar a Estrat\u00e9gia Nacional de Educa\u00e7\u00e3o Financeira (ENEF), pol\u00edtica p\u00fablica lan\u00e7ada em 2010 com a finalidade de promover a educa\u00e7\u00e3o financeira e previdenci\u00e1ria da popula\u00e7\u00e3o.<\/p>\n<p>Alana Gandra &#8211; Rep\u00f3rter da Ag\u00eancia Brasil<br \/>\nEdi\u00e7\u00e3o: Kleber Sampaio<\/p>\n","protected":false},"excerpt":{"rendered":"<p>A Comiss\u00e3o de Valores Mobili\u00e1rios (CVM), \u00f3rg\u00e3o regulador e fiscalizador do mercado de capitais, vinculado ao Minist\u00e9rio da Fazenda, participa da 2\u00aa Semana Nacional de Educa\u00e7\u00e3o Financeira (Semana ENEF), com o lan\u00e7amento de novos projetos educativos, entre os quais aplicativos para smartphones, destinados a adolescentes. A promo\u00e7\u00e3o se estender\u00e1 at\u00e9 o pr\u00f3ximo dia 15 em [&hellip;]<\/p>\n","protected":false},"author":2,"featured_media":40734,"comment_status":"open","ping_status":"closed","sticky":false,"template":"","format":"standard","meta":{"_genesis_hide_title":false,"_genesis_hide_breadcrumbs":false,"_genesis_hide_singular_image":false,"_genesis_hide_footer_widgets":false,"_genesis_custom_body_class":"","_genesis_custom_post_class":"","_genesis_layout":"","_jetpack_memberships_contains_paid_content":false,"footnotes":""},"categories":[22,7],"tags":[],"class_list":{"0":"post-67490","1":"post","2":"type-post","3":"status-publish","4":"format-standard","5":"has-post-thumbnail","7":"category-brasil","8":"category-economia","9":"entry","10":"gs-1","11":"gs-odd","12":"gs-even","13":"gs-featured-content-entry"},"jetpack_featured_media_url":"https:\/\/www.redenoticia.com.br\/noticia\/imagens\/economia-resultados.jpg","jetpack_sharing_enabled":true,"jetpack_likes_enabled":true,"_links":{"self":[{"href":"https:\/\/www.redenoticia.com.br\/noticia\/wp-json\/wp\/v2\/posts\/67490","targetHints":{"allow":["GET"]}}],"collection":[{"href":"https:\/\/www.redenoticia.com.br\/noticia\/wp-json\/wp\/v2\/posts"}],"about":[{"href":"https:\/\/www.redenoticia.com.br\/noticia\/wp-json\/wp\/v2\/types\/post"}],"author":[{"embeddable":true,"href":"https:\/\/www.redenoticia.com.br\/noticia\/wp-json\/wp\/v2\/users\/2"}],"replies":[{"embeddable":true,"href":"https:\/\/www.redenoticia.com.br\/noticia\/wp-json\/wp\/v2\/comments?post=67490"}],"version-history":[{"count":0,"href":"https:\/\/www.redenoticia.com.br\/noticia\/wp-json\/wp\/v2\/posts\/67490\/revisions"}],"wp:featuredmedia":[{"embeddable":true,"href":"https:\/\/www.redenoticia.com.br\/noticia\/wp-json\/wp\/v2\/media\/40734"}],"wp:attachment":[{"href":"https:\/\/www.redenoticia.com.br\/noticia\/wp-json\/wp\/v2\/media?parent=67490"}],"wp:term":[{"taxonomy":"category","embeddable":true,"href":"https:\/\/www.redenoticia.com.br\/noticia\/wp-json\/wp\/v2\/categories?post=67490"},{"taxonomy":"post_tag","embeddable":true,"href":"https:\/\/www.redenoticia.com.br\/noticia\/wp-json\/wp\/v2\/tags?post=67490"}],"curies":[{"name":"wp","href":"https:\/\/api.w.org\/{rel}","templated":true}]}}