{"id":67488,"date":"2015-03-09T13:32:30","date_gmt":"2015-03-09T16:32:30","guid":{"rendered":"http:\/\/www.redenoticia.com.br\/noticia\/?p=67488"},"modified":"2015-03-09T13:32:30","modified_gmt":"2015-03-09T16:32:30","slug":"ipc-s-varia-126-na-primeira-previa-de-marco","status":"publish","type":"post","link":"https:\/\/www.redenoticia.com.br\/noticia\/2015\/ipc-s-varia-126-na-primeira-previa-de-marco\/67488","title":{"rendered":"IPC-S varia 1,26% na primeira pr\u00e9via de mar\u00e7o"},"content":{"rendered":"<p> O <strong><em>\u00cdndice de Pre\u00e7os ao Consumidor<\/em><\/strong> (IPC-S) teve varia\u00e7\u00e3o de 1,26%, na primeira pr\u00e9via de mar\u00e7o \u2013 0,29 ponto percentual a mais do que o resultado do fechamento de fevereiro (0,97%). Quatro dos oito grupos pesquisados apresentaram avan\u00e7os em \u00edndices acima da apura\u00e7\u00e3o anterior, segundo os dados da pesquisa feita pelo Instituto Brasileiro de Economia da Funda\u00e7\u00e3o Getulio Vargas (Ibre\/FGV).<\/p>\n<p>A coleta de pre\u00e7os se refere ao per\u00edodo de 8 de fevereiro a 7 de mar\u00e7o, e o aumento mais expressivo ocorreu em habita\u00e7\u00e3o (de 0,90% para 1,75%) sob o efeito da tarifa de energia residencial (de 1,09% para 7,20%. O or\u00e7amento das fam\u00edlias foi mais pressionado pelos grupos alimenta\u00e7\u00e3o (de 0,77% para 1,11%) \u2013 puxado pelas hortali\u00e7as e legumes que ficaram 8,21% mais caros, com alta de 4,56% \u2013; educa\u00e7\u00e3o, leitura e recrea\u00e7\u00e3o (de -0,02% para 0,42%) e vestu\u00e1rio (de 0,11% para 0,20%).<\/p>\n<p>No grupo transportes, o aumento m\u00e9dio foi menos intenso do que no fechamento de fevereiro ao passar de uma alta de 2,52% para 2,28%. O mesmo ocorreu em rela\u00e7\u00e3o ao grupo despesas diversas (de 1,16% para 1,03%) e comunica\u00e7\u00e3o (de 0,27% para 0,12%). O setor sa\u00fade e cuidados pessoais teve estabilidade em 0,63%.<\/p>\n<p>As cinco altas que mais influ\u00eanciam o IPC-S foram: gasolina (7,60%); tarifa de eletricidade residencial (7,20%); refei\u00e7\u00f5es em bares e restaurantes (1,15%); condom\u00ednio residencial (2,56%) e etanol (5,23%). Os cinco itens de menor peso na taxa foram: leite do tipo longa vida (-2,65%); batata-inglesa (-4,21%); frango em peda\u00e7os (-1,98%); show musical (-0,93%) e uva (-9,13).<\/p>\n<p>Marli Moreira &#8211; Rep\u00f3rter da Ag\u00eancia Brasil<br \/>\nEdi\u00e7\u00e3o: Val\u00e9ria Aguiar<\/p>\n","protected":false},"excerpt":{"rendered":"<p>O \u00cdndice de Pre\u00e7os ao Consumidor (IPC-S) teve varia\u00e7\u00e3o de 1,26%, na primeira pr\u00e9via de mar\u00e7o \u2013 0,29 ponto percentual a mais do que o resultado do fechamento de fevereiro (0,97%). Quatro dos oito grupos pesquisados apresentaram avan\u00e7os em \u00edndices acima da apura\u00e7\u00e3o anterior, segundo os dados da pesquisa feita pelo Instituto Brasileiro de Economia [&hellip;]<\/p>\n","protected":false},"author":2,"featured_media":57584,"comment_status":"open","ping_status":"closed","sticky":false,"template":"","format":"standard","meta":{"_genesis_hide_title":false,"_genesis_hide_breadcrumbs":false,"_genesis_hide_singular_image":false,"_genesis_hide_footer_widgets":false,"_genesis_custom_body_class":"","_genesis_custom_post_class":"","_genesis_layout":"","_jetpack_memberships_contains_paid_content":false,"footnotes":""},"categories":[22,7],"tags":[],"class_list":{"0":"post-67488","1":"post","2":"type-post","3":"status-publish","4":"format-standard","5":"has-post-thumbnail","7":"category-brasil","8":"category-economia","9":"entry","10":"gs-1","11":"gs-odd","12":"gs-even","13":"gs-featured-content-entry"},"jetpack_featured_media_url":"https:\/\/www.redenoticia.com.br\/noticia\/imagens\/economia-grafica-analise-inflacao.jpg","jetpack_sharing_enabled":true,"jetpack_likes_enabled":true,"_links":{"self":[{"href":"https:\/\/www.redenoticia.com.br\/noticia\/wp-json\/wp\/v2\/posts\/67488","targetHints":{"allow":["GET"]}}],"collection":[{"href":"https:\/\/www.redenoticia.com.br\/noticia\/wp-json\/wp\/v2\/posts"}],"about":[{"href":"https:\/\/www.redenoticia.com.br\/noticia\/wp-json\/wp\/v2\/types\/post"}],"author":[{"embeddable":true,"href":"https:\/\/www.redenoticia.com.br\/noticia\/wp-json\/wp\/v2\/users\/2"}],"replies":[{"embeddable":true,"href":"https:\/\/www.redenoticia.com.br\/noticia\/wp-json\/wp\/v2\/comments?post=67488"}],"version-history":[{"count":0,"href":"https:\/\/www.redenoticia.com.br\/noticia\/wp-json\/wp\/v2\/posts\/67488\/revisions"}],"wp:featuredmedia":[{"embeddable":true,"href":"https:\/\/www.redenoticia.com.br\/noticia\/wp-json\/wp\/v2\/media\/57584"}],"wp:attachment":[{"href":"https:\/\/www.redenoticia.com.br\/noticia\/wp-json\/wp\/v2\/media?parent=67488"}],"wp:term":[{"taxonomy":"category","embeddable":true,"href":"https:\/\/www.redenoticia.com.br\/noticia\/wp-json\/wp\/v2\/categories?post=67488"},{"taxonomy":"post_tag","embeddable":true,"href":"https:\/\/www.redenoticia.com.br\/noticia\/wp-json\/wp\/v2\/tags?post=67488"}],"curies":[{"name":"wp","href":"https:\/\/api.w.org\/{rel}","templated":true}]}}