{"id":67371,"date":"2015-03-06T14:30:50","date_gmt":"2015-03-06T17:30:50","guid":{"rendered":"http:\/\/www.redenoticia.com.br\/noticia\/?p=67371"},"modified":"2015-03-06T14:45:20","modified_gmt":"2015-03-06T17:45:20","slug":"justica-limita-retirada-de-agua-do-sistema-cantareira","status":"publish","type":"post","link":"https:\/\/www.redenoticia.com.br\/noticia\/2015\/justica-limita-retirada-de-agua-do-sistema-cantareira\/67371","title":{"rendered":"Justi\u00e7a limita retirada de \u00e1gua do Sistema Cantareira"},"content":{"rendered":"<p> A Justi\u00e7a Federal limitou a retirada de \u00e1gua do <strong><em>Sistema Cantareira<\/em><\/strong> para que seja preservados ao menos 10% do volume \u00fatil original para a \u00e9poca de estiagem, que come\u00e7a em 30 de abril. A liminar da ju\u00edza  substituta Renata Coelho Padilha ratifica outra decis\u00e3o provis\u00f3ria, concedida em outubro do ano passado pela 3\u00aa Vara Federal em Piracicaba, mas que havia sido derrubada em recurso.<\/p>\n<p> O pedido conjunto do Minist\u00e9rio P\u00fablico de S\u00e3o Paulo e do Minist\u00e9rio P\u00fablico Federal busca garantir que n\u00e3o haja preju\u00edzo \u00e0s vaz\u00f5es para a Bacia Hidrogr\u00e1fica dos rios Piracicaba, Capivari e Jundia\u00ed. A Justi\u00e7a determinou ainda que a Ag\u00eancia Nacional de \u00c1guas (ANA) e o Departamento de \u00c1guas do Estado de S\u00e3o Paulo (Daee) estipulem semanalmente metas de restri\u00e7\u00e3o para permitir a recomposi\u00e7\u00e3o dos n\u00edveis dos reservat\u00f3rios. O objetivo \u00e9 que em cinco anos o Sistema Cantareira volte a 95% da capacidade.<\/p>\n<p>Desde o \u00faltimo dia 2, o sistema opera com 11,7% de seu n\u00edvel total, segundo medi\u00e7\u00e3o di\u00e1ria feita pela Companhia de Saneamento B\u00e1sico do Estado de S\u00e3o Paulo. Para repor o volume da primeira cota da reserva t\u00e9cnica, que come\u00e7ou a ser usada em maio do ano passado, a capacidade deveria subir de 11,7% para 29,2%.<\/p>\n<p>Em nota, a Sabesp informou que, para os reservat\u00f3rios chegarem ao fim de abril com 10% da capacidade total, \u00e9 necess\u00e1ria vaz\u00e3o m\u00e9dia de 56 metros c\u00fabicos por segundo (m\u00b3\/s) nas pr\u00f3ximas semanas. A vaz\u00e3o m\u00e9dia no per\u00edodo de 1\u00ba de janeiro a 5 de mar\u00e7o de 2015 \u00e9 25m\u00b3\/s. \u201cAssim, mesmo que a ANA e o Daee determinem que a Sabesp interrompa completamente a retirada de \u00e1gua do Sistema Cantareira, o cumprimento da decis\u00e3o ser\u00e1 imposs\u00edvel, a n\u00e3o ser que ocorram chuvas, com baix\u00edssima probabilidade.\u201d<\/p>\n<p>A empresa lembrou que j\u00e1 reduziu em 56% a retirada de \u00e1gua do Cantareira. \u201cRedu\u00e7\u00f5es adicionais implicariam sacrif\u00edcios ainda maiores para a popula\u00e7\u00e3o da regi\u00e3o metropolitana de S\u00e3o Paulo. E, por isonomia, a imposi\u00e7\u00e3o de restri\u00e7\u00f5es de consumo \u00e0 popula\u00e7\u00e3o da Bacia do Piracicaba [Campinas, Piracicaba, Americana]\u201d, acrescenta o comunicado.<\/p>\n<p>O Daee informou que a Procuradoria-Geral do Estado vai recorrer da decis\u00e3o.<\/p>\n<p>Daniel Mello &#8211; Rep\u00f3rter da Ag\u00eancia Brasil<br \/>\nEdi\u00e7\u00e3o: Gra\u00e7a Adjuto<\/p>\n","protected":false},"excerpt":{"rendered":"<p>A Justi\u00e7a Federal limitou a retirada de \u00e1gua do Sistema Cantareira para que seja preservados ao menos 10% do volume \u00fatil original para a \u00e9poca de estiagem, que come\u00e7a em 30 de abril. A liminar da ju\u00edza substituta Renata Coelho Padilha ratifica outra decis\u00e3o provis\u00f3ria, concedida em outubro do ano passado pela 3\u00aa Vara Federal [&hellip;]<\/p>\n","protected":false},"author":2,"featured_media":34905,"comment_status":"open","ping_status":"closed","sticky":false,"template":"","format":"standard","meta":{"_genesis_hide_title":false,"_genesis_hide_breadcrumbs":false,"_genesis_hide_singular_image":false,"_genesis_hide_footer_widgets":false,"_genesis_custom_body_class":"","_genesis_custom_post_class":"","_genesis_layout":"","_jetpack_memberships_contains_paid_content":false,"footnotes":""},"categories":[22],"tags":[],"class_list":{"0":"post-67371","1":"post","2":"type-post","3":"status-publish","4":"format-standard","5":"has-post-thumbnail","7":"category-brasil","8":"entry","9":"gs-1","10":"gs-odd","11":"gs-even","12":"gs-featured-content-entry"},"jetpack_featured_media_url":"https:\/\/www.redenoticia.com.br\/noticia\/imagens\/codigo-florestal.jpg","jetpack_sharing_enabled":true,"jetpack_likes_enabled":true,"_links":{"self":[{"href":"https:\/\/www.redenoticia.com.br\/noticia\/wp-json\/wp\/v2\/posts\/67371","targetHints":{"allow":["GET"]}}],"collection":[{"href":"https:\/\/www.redenoticia.com.br\/noticia\/wp-json\/wp\/v2\/posts"}],"about":[{"href":"https:\/\/www.redenoticia.com.br\/noticia\/wp-json\/wp\/v2\/types\/post"}],"author":[{"embeddable":true,"href":"https:\/\/www.redenoticia.com.br\/noticia\/wp-json\/wp\/v2\/users\/2"}],"replies":[{"embeddable":true,"href":"https:\/\/www.redenoticia.com.br\/noticia\/wp-json\/wp\/v2\/comments?post=67371"}],"version-history":[{"count":0,"href":"https:\/\/www.redenoticia.com.br\/noticia\/wp-json\/wp\/v2\/posts\/67371\/revisions"}],"wp:featuredmedia":[{"embeddable":true,"href":"https:\/\/www.redenoticia.com.br\/noticia\/wp-json\/wp\/v2\/media\/34905"}],"wp:attachment":[{"href":"https:\/\/www.redenoticia.com.br\/noticia\/wp-json\/wp\/v2\/media?parent=67371"}],"wp:term":[{"taxonomy":"category","embeddable":true,"href":"https:\/\/www.redenoticia.com.br\/noticia\/wp-json\/wp\/v2\/categories?post=67371"},{"taxonomy":"post_tag","embeddable":true,"href":"https:\/\/www.redenoticia.com.br\/noticia\/wp-json\/wp\/v2\/tags?post=67371"}],"curies":[{"name":"wp","href":"https:\/\/api.w.org\/{rel}","templated":true}]}}