{"id":67369,"date":"2015-03-06T14:40:23","date_gmt":"2015-03-06T17:40:23","guid":{"rendered":"http:\/\/www.redenoticia.com.br\/noticia\/?p=67369"},"modified":"2015-03-06T14:40:23","modified_gmt":"2015-03-06T17:40:23","slug":"precos-controlados-pelo-governo-determinam-alta-do-ipca-diz-ibge","status":"publish","type":"post","link":"https:\/\/www.redenoticia.com.br\/noticia\/2015\/precos-controlados-pelo-governo-determinam-alta-do-ipca-diz-ibge\/67369","title":{"rendered":"Pre\u00e7os controlados pelo governo determinam alta do IPCA, diz IBGE"},"content":{"rendered":"<p> Em anos anteriores, os pre\u00e7os dos itens monitorados pelos governos federal e estaduais ajudaram a controlar as taxas de <strong><em>infla\u00e7\u00e3o<\/em><\/strong> medidas pelo \u00cdndice Nacional de Pre\u00e7os ao Consumidor Amplo (IPCA). Conforme a coordenadora de \u00cdndice de Pre\u00e7os do Instituto Brasileiro de Geografia e Estat\u00edstica (IBGE), Eulina Nunes dos Santos, nos dois primeiros meses do ano a tend\u00eancia \u00e9 inversa.<\/p>\n<p>No per\u00edodo, os pre\u00e7os dos itens monitorados, como combust\u00edveis, tarifas de energia el\u00e9trica e meios de transporte foram os que mais pressionaram a alta do IPCA. Os dados fazem parte do \u00cdndice Nacional de Pre\u00e7os ao Consumidor (IPCA) de fevereiro, que subiu 1,22% em rela\u00e7\u00e3o a janeiro, acumulando, ao longo do ano, eleva\u00e7\u00e3o de 2,48%. Os n\u00fameros foram divulgados pelo IBGE. <\/p>\n<p>\u201cNeste in\u00edcio do ano, o que \u00e9 poss\u00edvel observar \u00e9 que est\u00e1 havendo mudan\u00e7a no perfil do IPCA. Nos \u00faltimos anos, especialmente em 2013,o que segurava a infla\u00e7\u00e3o eram exatamente os pre\u00e7os controlados. Um aspecto importante neste in\u00edcio do ano \u00e9 que os pre\u00e7os monitorados exercem forte press\u00e3o sobre a infla\u00e7\u00e3o, conforme exemplificam os aumentos nas tarifas de energia e \u00f4nibus . Isto tem modificado o perfil do IPCA, da infla\u00e7\u00e3o, que tem sido mais pressionado pelos monitorados do que em todos esses \u00faltimos anos\u201d, disse.<\/p>\n<p>Eulina Nunes citou 2014 como exemplo. Segundo ela, enquanto o IPCA subiu 6,41% os pre\u00e7os dos itens monitorados subiram 5,32%. Nos primeiros dois meses do ano, enquanto o IPCA cresceu 2,48% os pre\u00e7os dos monitorados registra eleva\u00e7\u00e3o acumulada de 4,93%.<\/p>\n<p>Embora n\u00e3o tenha feito previs\u00f5es sobre o comportamento do IPCA em mar\u00e7o, ela admitiu que est\u00e3o previstos v\u00e1rios aumentos importantes no per\u00edodo, com peso significativo no or\u00e7amento das fam\u00edlias e que continuar\u00e3o a pressionar a infla\u00e7\u00e3o.<\/p>\n<p>\u201cO principal deles \u00e9 a energia el\u00e9trica, que j\u00e1 foi reajustada em todas as regi\u00f5es metropolitanas. N\u00e3o s\u00f3 em termos de tarifa, mas tamb\u00e9m na parcela extra, que s\u00e3o as bandeiras tarif\u00e1rias. Provavelmente, mar\u00e7o ser\u00e1 um m\u00eas em que a press\u00e3o dos monitorados na infla\u00e7\u00e3o ser\u00e1 bastante forte. O d\u00f3lar, que j\u00e1 pesa na infla\u00e7\u00e3o de fevereiro, tamb\u00e9m continuar\u00e1 pressionando a taxa\u201d, acrescentou.<\/p>\n<p>Conforme Eulina, a continuidade da alta da infla\u00e7\u00e3o anualizada, que j\u00e1 est\u00e1 em 7,7% no resultado acumulado dos \u00faltimos 12 meses \u2013 a maior taxa desde os 8,05% de maio de 2005 -, depender\u00e1, em mar\u00e7o, da press\u00e3o do pre\u00e7o dos alimentos.<\/p>\n<p>\u201cEm mar\u00e7o, a press\u00e3o ser\u00e1 forte e exercida pelos monitorados [pre\u00e7os], que t\u00eam peso grande e influ\u00eancia sobre o or\u00e7amento das fam\u00edlias. \u00c9 importante destacar que o or\u00e7amento das fam\u00edlias n\u00e3o \u00e9 baseado apenas nos pre\u00e7os monitorados\u201d. <\/p>\n<p>Nielmar de Oliveira &#8211; Rep\u00f3rter da Ag\u00eancia Brasil<br \/>\nEdi\u00e7\u00e3o: Armando Cardoso<\/p>\n","protected":false},"excerpt":{"rendered":"<p>Em anos anteriores, os pre\u00e7os dos itens monitorados pelos governos federal e estaduais ajudaram a controlar as taxas de infla\u00e7\u00e3o medidas pelo \u00cdndice Nacional de Pre\u00e7os ao Consumidor Amplo (IPCA). Conforme a coordenadora de \u00cdndice de Pre\u00e7os do Instituto Brasileiro de Geografia e Estat\u00edstica (IBGE), Eulina Nunes dos Santos, nos dois primeiros meses do ano [&hellip;]<\/p>\n","protected":false},"author":2,"featured_media":57582,"comment_status":"open","ping_status":"closed","sticky":false,"template":"","format":"standard","meta":{"_genesis_hide_title":false,"_genesis_hide_breadcrumbs":false,"_genesis_hide_singular_image":false,"_genesis_hide_footer_widgets":false,"_genesis_custom_body_class":"","_genesis_custom_post_class":"","_genesis_layout":"","_jetpack_memberships_contains_paid_content":false,"footnotes":""},"categories":[22,7],"tags":[],"class_list":{"0":"post-67369","1":"post","2":"type-post","3":"status-publish","4":"format-standard","5":"has-post-thumbnail","7":"category-brasil","8":"category-economia","9":"entry","10":"gs-1","11":"gs-odd","12":"gs-even","13":"gs-featured-content-entry"},"jetpack_featured_media_url":"https:\/\/www.redenoticia.com.br\/noticia\/imagens\/grafico1.jpg","jetpack_sharing_enabled":true,"jetpack_likes_enabled":true,"_links":{"self":[{"href":"https:\/\/www.redenoticia.com.br\/noticia\/wp-json\/wp\/v2\/posts\/67369","targetHints":{"allow":["GET"]}}],"collection":[{"href":"https:\/\/www.redenoticia.com.br\/noticia\/wp-json\/wp\/v2\/posts"}],"about":[{"href":"https:\/\/www.redenoticia.com.br\/noticia\/wp-json\/wp\/v2\/types\/post"}],"author":[{"embeddable":true,"href":"https:\/\/www.redenoticia.com.br\/noticia\/wp-json\/wp\/v2\/users\/2"}],"replies":[{"embeddable":true,"href":"https:\/\/www.redenoticia.com.br\/noticia\/wp-json\/wp\/v2\/comments?post=67369"}],"version-history":[{"count":0,"href":"https:\/\/www.redenoticia.com.br\/noticia\/wp-json\/wp\/v2\/posts\/67369\/revisions"}],"wp:featuredmedia":[{"embeddable":true,"href":"https:\/\/www.redenoticia.com.br\/noticia\/wp-json\/wp\/v2\/media\/57582"}],"wp:attachment":[{"href":"https:\/\/www.redenoticia.com.br\/noticia\/wp-json\/wp\/v2\/media?parent=67369"}],"wp:term":[{"taxonomy":"category","embeddable":true,"href":"https:\/\/www.redenoticia.com.br\/noticia\/wp-json\/wp\/v2\/categories?post=67369"},{"taxonomy":"post_tag","embeddable":true,"href":"https:\/\/www.redenoticia.com.br\/noticia\/wp-json\/wp\/v2\/tags?post=67369"}],"curies":[{"name":"wp","href":"https:\/\/api.w.org\/{rel}","templated":true}]}}