{"id":67367,"date":"2015-03-06T14:38:27","date_gmt":"2015-03-06T17:38:27","guid":{"rendered":"http:\/\/www.redenoticia.com.br\/noticia\/?p=67367"},"modified":"2015-03-06T14:38:27","modified_gmt":"2015-03-06T17:38:27","slug":"inflacao-acumulada-em-doze-meses-e-a-maior-desde-maio-de-2005","status":"publish","type":"post","link":"https:\/\/www.redenoticia.com.br\/noticia\/2015\/inflacao-acumulada-em-doze-meses-e-a-maior-desde-maio-de-2005\/67367","title":{"rendered":"Infla\u00e7\u00e3o acumulada em doze meses \u00e9 a maior desde maio de 2005"},"content":{"rendered":"<p> A <strong><em>infla\u00e7\u00e3o<\/em><\/strong> oficial medida pelo \u00cdndice Nacional de Pre\u00e7os ao Consumidor Amplo (IPCA) acumula alta de 7,7% nos \u00faltimos 12 meses (a taxa anualizada), de acordo com o Instituto Brasileiro de Geografia e Estat\u00edstica (IBGE). O resultado, divulgado \u00e9 o maior desde os 8,05% registrados em maio de 2005 e supera o teto da meta fixado pelo Banco Central para este ano em 6,5%.<\/p>\n<p>Em fevereiro, a taxa variou 1,22%, 0,02 ponto percentual abaixo do resultado de janeiro deste ano (1,24%), mas ainda \u00e9 a mais alta para os meses de fevereiro desde o 1,57% de 2003. Com a alta, a taxa passou a acumular nos primeiros dois meses do ano infla\u00e7\u00e3o de 2,48% \u2013 superior ao 1,24% dos primeiros dois meses do ano passado.<\/p>\n<p>O principal impacto no IPCA de fevereiro foi a eleva\u00e7\u00e3o nos pre\u00e7os da gasolina e de outros combust\u00edveis, resultado do aumento de impostos como o PIS e a Cofins e tamb\u00e9m do IPI sobre os autom\u00f3veis novos.<\/p>\n<p> Para Eulina Nunes dos Santos, coordenadora de \u00cdndice de Pre\u00e7os do IBGE, as press\u00f5es em fevereiro se deram de forma bastante diferenciada. \u201cO m\u00eas de fevereiro em geral se caracteriza pela press\u00e3o forte das escolas, mas este ano houve outras press\u00e3o, em especial a gasolina que, junto com outros combust\u00edveis, foram os que mais pressionaram a taxa. Em contrapartida, a gente observou neste m\u00eas de fevereiro uma desacelera\u00e7\u00e3o dos pre\u00e7os dos alimentos que, embora continuem em alta, com varia\u00e7\u00e3o expressiva, impactaram um pouco menos que no m\u00eas anterior e ajudaram a segurar um pouco a taxa, impedindo que ela fosse ainda maior.\u201d<\/p>\n<p>Segundo os dados fornecidos pelo IBGE, os pre\u00e7os da gasolina subiram 8,42%, exercendo impacto de 0,31 ponto percentual na composi\u00e7\u00e3o do IPCA e, por isso, respondendo, por um quarto do IPCA: 25,41%. \u201cTamb\u00e9m o \u00e1lcool, talvez tamb\u00e9m como consequ\u00eancia da alta da gasolina, subiu 7,19%, o que fez com que os gastos com transporte por parte das fam\u00edlias subissem 2,2% em fevereiro. No todo, o grupo transporte apresentou o mais elevado impacto do m\u00eas (0,41 ponto percentual).&#8221;<\/p>\n<p>Os dados do IBGE indicam que, entre os nove grupos de produtos e servi\u00e7os pesquisados, a varia\u00e7\u00e3o mais elevada foi registrada no grupo educa\u00e7\u00e3o, que atingiu 5,88%, refletindo os reajustes do in\u00edcio do ano letivo, especialmente nos valores das mensalidades dos cursos regulares, que subiram 7,24%. Em habita\u00e7\u00e3o (1,22%), o destaque ficou com a energia el\u00e9trica (3,14%).<\/p>\n<p>Com alta de 0,86%, o grupo despesas pessoais refletiu os reajustes ocorridos em itens como excurs\u00e3o (6,93%), cabeleireiro (1,09%) e manicure (1,04%). No grupo sa\u00fade e cuidados pessoais (0,60%) destacaram-se os servi\u00e7os m\u00e9dicos e dent\u00e1rios (1,14%) e os artigos de higiene pessoal (0,89%).<\/p>\n<p>J\u00e1 no grupo artigos de resid\u00eancia (0,87%), a alta foi puxada pelos eletrodom\u00e9sticos, cujos pre\u00e7os elevaram-se em 2,15%, e pelos servi\u00e7os de conserto e manuten\u00e7\u00e3o de equipamentos dom\u00e9sticos, que subiram 1,70%. No grupo alimenta\u00e7\u00e3o e bebidas, com alta de 0,81%, houve redu\u00e7\u00e3o no ritmo de crescimento de pre\u00e7os, tendo em vista a taxa de 1,48% registrada no m\u00eas anterior. Os alimentos consumidos fora de casa (0,95%) tiveram aumentos acima dos consumidos em casa (0,74%).<\/p>\n<p>Nielmar de Oliveira &#8211; Rep\u00f3rter da Ag\u00eancia Brasil<br \/>\nEdi\u00e7\u00e3o: Denise Griesinger<\/p>\n","protected":false},"excerpt":{"rendered":"<p>A infla\u00e7\u00e3o oficial medida pelo \u00cdndice Nacional de Pre\u00e7os ao Consumidor Amplo (IPCA) acumula alta de 7,7% nos \u00faltimos 12 meses (a taxa anualizada), de acordo com o Instituto Brasileiro de Geografia e Estat\u00edstica (IBGE). O resultado, divulgado \u00e9 o maior desde os 8,05% registrados em maio de 2005 e supera o teto da meta [&hellip;]<\/p>\n","protected":false},"author":2,"featured_media":57584,"comment_status":"open","ping_status":"closed","sticky":false,"template":"","format":"standard","meta":{"_genesis_hide_title":false,"_genesis_hide_breadcrumbs":false,"_genesis_hide_singular_image":false,"_genesis_hide_footer_widgets":false,"_genesis_custom_body_class":"","_genesis_custom_post_class":"","_genesis_layout":"","_jetpack_memberships_contains_paid_content":false,"footnotes":""},"categories":[22,7],"tags":[],"class_list":{"0":"post-67367","1":"post","2":"type-post","3":"status-publish","4":"format-standard","5":"has-post-thumbnail","7":"category-brasil","8":"category-economia","9":"entry","10":"gs-1","11":"gs-odd","12":"gs-even","13":"gs-featured-content-entry"},"jetpack_featured_media_url":"https:\/\/www.redenoticia.com.br\/noticia\/imagens\/economia-grafica-analise-inflacao.jpg","jetpack_sharing_enabled":true,"jetpack_likes_enabled":true,"_links":{"self":[{"href":"https:\/\/www.redenoticia.com.br\/noticia\/wp-json\/wp\/v2\/posts\/67367","targetHints":{"allow":["GET"]}}],"collection":[{"href":"https:\/\/www.redenoticia.com.br\/noticia\/wp-json\/wp\/v2\/posts"}],"about":[{"href":"https:\/\/www.redenoticia.com.br\/noticia\/wp-json\/wp\/v2\/types\/post"}],"author":[{"embeddable":true,"href":"https:\/\/www.redenoticia.com.br\/noticia\/wp-json\/wp\/v2\/users\/2"}],"replies":[{"embeddable":true,"href":"https:\/\/www.redenoticia.com.br\/noticia\/wp-json\/wp\/v2\/comments?post=67367"}],"version-history":[{"count":0,"href":"https:\/\/www.redenoticia.com.br\/noticia\/wp-json\/wp\/v2\/posts\/67367\/revisions"}],"wp:featuredmedia":[{"embeddable":true,"href":"https:\/\/www.redenoticia.com.br\/noticia\/wp-json\/wp\/v2\/media\/57584"}],"wp:attachment":[{"href":"https:\/\/www.redenoticia.com.br\/noticia\/wp-json\/wp\/v2\/media?parent=67367"}],"wp:term":[{"taxonomy":"category","embeddable":true,"href":"https:\/\/www.redenoticia.com.br\/noticia\/wp-json\/wp\/v2\/categories?post=67367"},{"taxonomy":"post_tag","embeddable":true,"href":"https:\/\/www.redenoticia.com.br\/noticia\/wp-json\/wp\/v2\/tags?post=67367"}],"curies":[{"name":"wp","href":"https:\/\/api.w.org\/{rel}","templated":true}]}}