{"id":67365,"date":"2015-03-06T14:35:54","date_gmt":"2015-03-06T17:35:54","guid":{"rendered":"http:\/\/www.redenoticia.com.br\/noticia\/?p=67365"},"modified":"2015-03-06T14:35:54","modified_gmt":"2015-03-06T17:35:54","slug":"inflacao-oficial-alcanca-122-em-fevereiro","status":"publish","type":"post","link":"https:\/\/www.redenoticia.com.br\/noticia\/2015\/inflacao-oficial-alcanca-122-em-fevereiro\/67365","title":{"rendered":"Infla\u00e7\u00e3o oficial alcan\u00e7a 1,22% em fevereiro"},"content":{"rendered":"<p> A <strong><em>infla\u00e7\u00e3o<\/em><\/strong> medida pelo \u00cdndice Nacional de Pre\u00e7os ao Consumidor Amplo (IPCA) em fevereiro alcan\u00e7ou 1,22%, resultado pr\u00f3ximo do de de janeiro (1,24%). Considerando os dois primeiros meses do ano, o \u00edndice situa-se em 2,48%, acima do percentual de 1,24%, registrado em igual per\u00edodo do ano passado. O IPCA, \u00edndice oficial de infla\u00e7\u00e3o usado pelo governo, serve de refer\u00eancia para o plano de metas fixado pelo Banco Central.<\/p>\n<p>O IPCA mede a infla\u00e7\u00e3o de um conjunto de produtos e servi\u00e7os comercializados no varejo, referentes ao consumo pessoal das fam\u00edlias, com rendimentos de 1 a 40 sal\u00e1rios-m\u00ednimos, independentemente da fonte de rendimentos. O IPCA \u00e9 usado pelo Banco Central como medidor oficial da infla\u00e7\u00e3o do pa\u00eds e serve como refer\u00eancia para verificar se a meta estabelecida para a infla\u00e7\u00e3o est\u00e1 sendo cumprida.<\/p>\n<p>Os dados, divulgados pelo Instituto Brasileiro de Geografia e Estat\u00edtica (IBGE), indicam que, nos \u00faltimos 12 meses, a taxa chegou a 7,70%, a mais elevada desde maio de 2005, quando atingiu 8,05%. Em fevereiro de 2014, o IPCA ficou em 0,69%.<\/p>\n<p>No m\u00eas, o destaque individual foi a gasolina, cujos pre\u00e7os subiram 8,42%. Refletindo aumento nas al\u00edquotas do PIS\/Cofins, que entrou em vigor em 1\u00ba de fevereiro, a gasolina exerceu impacto de 0,31 ponto percentual no IPCA do m\u00eas, sendo respons\u00e1vel, sozinha, por um quarto do IPCA, ou seja, 25,41%. Sob essa press\u00e3o, os gastos com transportes subiram 2,20%, grupo que apresentou o mais elevado impacto no m\u00eas: 0,41 pontos percetuais.<\/p>\n<p>Ainda no grupo transportes, houve aumento tamb\u00e9m nas al\u00edquotas do PIS\/Cofins para o \u00f3leo diesel, que apresentou alta de 5,32%. J\u00e1 os pre\u00e7os do etanol subiram 7,19%. Al\u00e9m dos combust\u00edveis (7,95%), outros gastos importantes com transportes tiveram aumento: trem (3,10%), autom\u00f3vel novo (2,88%), \u00f4nibus urbano (2,73%), metr\u00f4 (2,67%), \u00f4nibus intermunicipal (1,68%), t\u00e1xi (1,21%) e conserto de autom\u00f3vel (1,20%).<\/p>\n<p>Nielmar de Oliveira &#8211; Rep\u00f3rter da Ag\u00eancia Brasil<br \/>\nEdi\u00e7\u00e3o: Jos\u00e9 Romildo<\/p>\n","protected":false},"excerpt":{"rendered":"<p>A infla\u00e7\u00e3o medida pelo \u00cdndice Nacional de Pre\u00e7os ao Consumidor Amplo (IPCA) em fevereiro alcan\u00e7ou 1,22%, resultado pr\u00f3ximo do de de janeiro (1,24%). Considerando os dois primeiros meses do ano, o \u00edndice situa-se em 2,48%, acima do percentual de 1,24%, registrado em igual per\u00edodo do ano passado. O IPCA, \u00edndice oficial de infla\u00e7\u00e3o usado pelo [&hellip;]<\/p>\n","protected":false},"author":2,"featured_media":34916,"comment_status":"open","ping_status":"closed","sticky":false,"template":"","format":"standard","meta":{"_genesis_hide_title":false,"_genesis_hide_breadcrumbs":false,"_genesis_hide_singular_image":false,"_genesis_hide_footer_widgets":false,"_genesis_custom_body_class":"","_genesis_custom_post_class":"","_genesis_layout":"","_jetpack_memberships_contains_paid_content":false,"footnotes":""},"categories":[22,7],"tags":[],"class_list":{"0":"post-67365","1":"post","2":"type-post","3":"status-publish","4":"format-standard","5":"has-post-thumbnail","7":"category-brasil","8":"category-economia","9":"entry","10":"gs-1","11":"gs-odd","12":"gs-even","13":"gs-featured-content-entry"},"jetpack_featured_media_url":"https:\/\/www.redenoticia.com.br\/noticia\/imagens\/inflacao.jpg","jetpack_sharing_enabled":true,"jetpack_likes_enabled":true,"_links":{"self":[{"href":"https:\/\/www.redenoticia.com.br\/noticia\/wp-json\/wp\/v2\/posts\/67365","targetHints":{"allow":["GET"]}}],"collection":[{"href":"https:\/\/www.redenoticia.com.br\/noticia\/wp-json\/wp\/v2\/posts"}],"about":[{"href":"https:\/\/www.redenoticia.com.br\/noticia\/wp-json\/wp\/v2\/types\/post"}],"author":[{"embeddable":true,"href":"https:\/\/www.redenoticia.com.br\/noticia\/wp-json\/wp\/v2\/users\/2"}],"replies":[{"embeddable":true,"href":"https:\/\/www.redenoticia.com.br\/noticia\/wp-json\/wp\/v2\/comments?post=67365"}],"version-history":[{"count":0,"href":"https:\/\/www.redenoticia.com.br\/noticia\/wp-json\/wp\/v2\/posts\/67365\/revisions"}],"wp:featuredmedia":[{"embeddable":true,"href":"https:\/\/www.redenoticia.com.br\/noticia\/wp-json\/wp\/v2\/media\/34916"}],"wp:attachment":[{"href":"https:\/\/www.redenoticia.com.br\/noticia\/wp-json\/wp\/v2\/media?parent=67365"}],"wp:term":[{"taxonomy":"category","embeddable":true,"href":"https:\/\/www.redenoticia.com.br\/noticia\/wp-json\/wp\/v2\/categories?post=67365"},{"taxonomy":"post_tag","embeddable":true,"href":"https:\/\/www.redenoticia.com.br\/noticia\/wp-json\/wp\/v2\/tags?post=67365"}],"curies":[{"name":"wp","href":"https:\/\/api.w.org\/{rel}","templated":true}]}}