{"id":67327,"date":"2015-03-05T17:05:41","date_gmt":"2015-03-05T20:05:41","guid":{"rendered":"http:\/\/www.redenoticia.com.br\/noticia\/?p=67327"},"modified":"2015-03-05T17:05:41","modified_gmt":"2015-03-05T20:05:41","slug":"aumento-do-etanol-na-gasolina-nao-atingira-o-combustivel-tipo-premium","status":"publish","type":"post","link":"https:\/\/www.redenoticia.com.br\/noticia\/2015\/aumento-do-etanol-na-gasolina-nao-atingira-o-combustivel-tipo-premium\/67327","title":{"rendered":"Aumento do etanol na gasolina n\u00e3o atingir\u00e1 o combust\u00edvel tipo premium"},"content":{"rendered":"<p> O aumento do percentual do <strong><em>etanol na gasolina<\/em><\/strong> de 25% para 27% n\u00e3o vai valer para a gasolina premium, informou o ministro de Minas e Energia, Eduardo Braga. A mudan\u00e7a no percentual come\u00e7a a valer no pr\u00f3ximo dia 16, ocorrer\u00e1 apenas em dois tipos de gasolina (comum e aditivada), ap\u00f3s negocia\u00e7\u00e3o entre governo, representantes de fabricantes de ve\u00edculos automotivos e do setor de petr\u00f3leo nos \u00faltimos meses.<\/p>\n<p>Segundo o presidente da Associa\u00e7\u00e3o Nacional dos Fabricantes de Ve\u00edculos Automotores (Anfavea), Luiz Moan, durante as discuss\u00f5es, a entidade manifestou preocupa\u00e7\u00e3o com os ve\u00edculos movidos exclusivamente a gasolina, e, por isso, pediu que a mudan\u00e7a n\u00e3o se estendesse ao tipo premium. \u201cOs testes de durabilidade ainda est\u00e3o sendo realizados pela Anfavea. Por isso, n\u00f3s insistimos bastante que a gasolina premium n\u00e3o sofresse nenhuma altera\u00e7\u00e3o na sua formula\u00e7\u00e3o, de forma que o consumidor tenha uma alternativa de abastecimento para os ve\u00edculos movidos exclusivamente a gasolina\u201d, ressaltou.<\/p>\n<p>Ap\u00f3s participar de reuni\u00e3o no Pal\u00e1cio do Planalto, onde foi assinada a resolu\u00e7\u00e3o sobre o aumento, o ministro Eduardo Braga disse que a medida n\u00e3o se refletir\u00e1 no pre\u00e7o da gasolina. \u201cN\u00e3o haver\u00e1 impacto para o consumidor. Manteremos o pre\u00e7o de bomba\u201d, declarou. Segundo ele, o setor tem estoques estrat\u00e9gicos de \u00e1lcool suficientes para suprir a demanda. <\/p>\n<p>De acordo com a ministra da Agricultura, Pecu\u00e1ria e Abastecimento, K\u00e1tia Abreu, a mudan\u00e7a vai requerer 1 bilh\u00e3o de litros de etanol anualmente. De acordo com a presidenta da Uni\u00e3o da Ind\u00fastria de Cana-de-A\u00e7\u00facar, Elizabeth Farina, a produ\u00e7\u00e3o atual de etanol hidratado \u00e9 de 12 bilh\u00f5es de litros por ano. Com a mudan\u00e7a, aumentaria para 13 bilh\u00f5es anuais.<\/p>\n<p>\u201cComo as usinas j\u00e1 estavam esperando isso, elas fizeram um estoque suficiente para atender a todas contrata\u00e7\u00f5es que j\u00e1 tinham feito, e mais esse aumento. Ent\u00e3o, \u00e9 uma coisa absolutamente fact\u00edvel\u201d, disse Elizabeth. Segundo ela, os testes de consumo, emiss\u00e3o e durabilidade n\u00e3o apresentaram grandes diferen\u00e7as estat\u00edsticas com a mudan\u00e7a. <\/p>\n<p>Discutida deste o segundo semestre do ano passado, a mudan\u00e7a deveria ter sido definida no in\u00edcio de fevereiro. Para o ministro de Minas e Energia, o atraso ocorreu devido aos estudos que estavam sendo feitos, que resultaram em uma \u201cabsoluta tranquilidade para o consumidor\u201d quanto \u00e0 qualidade dos motores. \u201cO adiamento \u00e9 fruto da seguran\u00e7a que o governo queria ter, com nenhum risco ao rendimento e durabilidade dos motores e ciclomotores com aumento da participa\u00e7\u00e3o etanol\u201d.<\/p>\n<p>Paulo Victor Chagas \u2013 Rep\u00f3rter da Ag\u00eancia Brasil<br \/>\nEdi\u00e7\u00e3o: A\u00e9cio Amado<\/p>\n","protected":false},"excerpt":{"rendered":"<p>O aumento do percentual do etanol na gasolina de 25% para 27% n\u00e3o vai valer para a gasolina premium, informou o ministro de Minas e Energia, Eduardo Braga. A mudan\u00e7a no percentual come\u00e7a a valer no pr\u00f3ximo dia 16, ocorrer\u00e1 apenas em dois tipos de gasolina (comum e aditivada), ap\u00f3s negocia\u00e7\u00e3o entre governo, representantes de [&hellip;]<\/p>\n","protected":false},"author":2,"featured_media":34985,"comment_status":"open","ping_status":"closed","sticky":false,"template":"","format":"standard","meta":{"_genesis_hide_title":false,"_genesis_hide_breadcrumbs":false,"_genesis_hide_singular_image":false,"_genesis_hide_footer_widgets":false,"_genesis_custom_body_class":"","_genesis_custom_post_class":"","_genesis_layout":"","_jetpack_memberships_contains_paid_content":false,"footnotes":""},"categories":[22,7],"tags":[],"class_list":{"0":"post-67327","1":"post","2":"type-post","3":"status-publish","4":"format-standard","5":"has-post-thumbnail","7":"category-brasil","8":"category-economia","9":"entry","10":"gs-1","11":"gs-odd","12":"gs-even","13":"gs-featured-content-entry"},"jetpack_featured_media_url":"https:\/\/www.redenoticia.com.br\/noticia\/imagens\/combustivel.jpg","jetpack_sharing_enabled":true,"jetpack_likes_enabled":true,"_links":{"self":[{"href":"https:\/\/www.redenoticia.com.br\/noticia\/wp-json\/wp\/v2\/posts\/67327","targetHints":{"allow":["GET"]}}],"collection":[{"href":"https:\/\/www.redenoticia.com.br\/noticia\/wp-json\/wp\/v2\/posts"}],"about":[{"href":"https:\/\/www.redenoticia.com.br\/noticia\/wp-json\/wp\/v2\/types\/post"}],"author":[{"embeddable":true,"href":"https:\/\/www.redenoticia.com.br\/noticia\/wp-json\/wp\/v2\/users\/2"}],"replies":[{"embeddable":true,"href":"https:\/\/www.redenoticia.com.br\/noticia\/wp-json\/wp\/v2\/comments?post=67327"}],"version-history":[{"count":0,"href":"https:\/\/www.redenoticia.com.br\/noticia\/wp-json\/wp\/v2\/posts\/67327\/revisions"}],"wp:featuredmedia":[{"embeddable":true,"href":"https:\/\/www.redenoticia.com.br\/noticia\/wp-json\/wp\/v2\/media\/34985"}],"wp:attachment":[{"href":"https:\/\/www.redenoticia.com.br\/noticia\/wp-json\/wp\/v2\/media?parent=67327"}],"wp:term":[{"taxonomy":"category","embeddable":true,"href":"https:\/\/www.redenoticia.com.br\/noticia\/wp-json\/wp\/v2\/categories?post=67327"},{"taxonomy":"post_tag","embeddable":true,"href":"https:\/\/www.redenoticia.com.br\/noticia\/wp-json\/wp\/v2\/tags?post=67327"}],"curies":[{"name":"wp","href":"https:\/\/api.w.org\/{rel}","templated":true}]}}