{"id":67325,"date":"2015-03-05T17:03:22","date_gmt":"2015-03-05T20:03:22","guid":{"rendered":"http:\/\/www.redenoticia.com.br\/noticia\/?p=67325"},"modified":"2015-03-05T17:03:22","modified_gmt":"2015-03-05T20:03:22","slug":"gastos-com-habitacao-pressionam-inflacao-em-sao-paulo-mostra-fipe","status":"publish","type":"post","link":"https:\/\/www.redenoticia.com.br\/noticia\/2015\/gastos-com-habitacao-pressionam-inflacao-em-sao-paulo-mostra-fipe\/67325","title":{"rendered":"Gastos com habita\u00e7\u00e3o pressionam infla\u00e7\u00e3o em S\u00e3o Paulo, mostra Fipe"},"content":{"rendered":"<p> O <strong><em>\u00cdndice de Pre\u00e7os ao Consumidor<\/em><\/strong> (IPC), medido pela Funda\u00e7\u00e3o Instituto de Pesquisas Econ\u00f4micas (Fipe), na cidade de S\u00e3o Paulo, encerrou o m\u00eas de fevereiro em alta de 1,22%, mas abaixo do registrado no fechamento de janeiro (1,62%). Em 12 meses, o IPC acumula alta de 7,21%, acima do apurado de fevereiro de 2013 a 2014 (4,2%).<\/p>\n<p> Apesar de perder for\u00e7a, a infla\u00e7\u00e3o no per\u00edodo foi pressionada pelo grupo habita\u00e7\u00e3o que passou de 0,41% para 1,82%. Essa classe de despesa foi a \u00fanica dos sete grupos pesquisados que apresentou aumento de pre\u00e7os. O impacto sobre o or\u00e7amento dom\u00e9stico foi sentido, principalmente, em rela\u00e7\u00e3o \u00e0 conta de luz. O valor cobrado pelo uso da energia el\u00e9trica saltou 10,92%.<\/p>\n<p>Cinco dos sete grupos apurados tiveram eleva\u00e7\u00f5es, com \u00edndices abaixo do m\u00eas anterior. Entre eles, est\u00e1 o de alimenta\u00e7\u00e3o que passou de 1,57% para 1%. Embora os pre\u00e7os dos itens aliment\u00edcios tenham subido com menos intensidade, no acumulado em 12 meses, eles ficaram 9,63% mais caros, liderando os aumentos.<\/p>\n<p>Em transportes, o \u00edndice atingiu 1%, inferior ao medido no fechamento de janeiro (1,57%). Em despesas pessoas, a taxa saiu de  1,16% para 0,07%. No grupo sa\u00fade, os pre\u00e7os aumentaram, na m\u00e9dia em 0,22%, menor do que em janeiro (0,48%).<\/p>\n<p>Em educa\u00e7\u00e3o, a redu\u00e7\u00e3o no ritmo de corre\u00e7\u00e3o foi mais expressiva, passando de 6,86% para 0,3%. No grupo vestu\u00e1rio, os pre\u00e7os de liquida\u00e7\u00e3o da moda primavera\/ver\u00e3o levaram a uma queda de 0,45%, contra varia\u00e7\u00e3o negativa de 0,21%.<\/p>\n<p>Marli Moreira &#8211; Rep\u00f3rter da Ag\u00eancia Brasil<br \/>\nEdi\u00e7\u00e3o: Val\u00e9ria Aguiar<\/p>\n","protected":false},"excerpt":{"rendered":"<p>O \u00cdndice de Pre\u00e7os ao Consumidor (IPC), medido pela Funda\u00e7\u00e3o Instituto de Pesquisas Econ\u00f4micas (Fipe), na cidade de S\u00e3o Paulo, encerrou o m\u00eas de fevereiro em alta de 1,22%, mas abaixo do registrado no fechamento de janeiro (1,62%). Em 12 meses, o IPC acumula alta de 7,21%, acima do apurado de fevereiro de 2013 a [&hellip;]<\/p>\n","protected":false},"author":2,"featured_media":57584,"comment_status":"open","ping_status":"closed","sticky":false,"template":"","format":"standard","meta":{"_genesis_hide_title":false,"_genesis_hide_breadcrumbs":false,"_genesis_hide_singular_image":false,"_genesis_hide_footer_widgets":false,"_genesis_custom_body_class":"","_genesis_custom_post_class":"","_genesis_layout":"","_jetpack_memberships_contains_paid_content":false,"footnotes":""},"categories":[22,7],"tags":[],"class_list":{"0":"post-67325","1":"post","2":"type-post","3":"status-publish","4":"format-standard","5":"has-post-thumbnail","7":"category-brasil","8":"category-economia","9":"entry","10":"gs-1","11":"gs-odd","12":"gs-even","13":"gs-featured-content-entry"},"jetpack_featured_media_url":"https:\/\/www.redenoticia.com.br\/noticia\/imagens\/economia-grafica-analise-inflacao.jpg","jetpack_sharing_enabled":true,"jetpack_likes_enabled":true,"_links":{"self":[{"href":"https:\/\/www.redenoticia.com.br\/noticia\/wp-json\/wp\/v2\/posts\/67325","targetHints":{"allow":["GET"]}}],"collection":[{"href":"https:\/\/www.redenoticia.com.br\/noticia\/wp-json\/wp\/v2\/posts"}],"about":[{"href":"https:\/\/www.redenoticia.com.br\/noticia\/wp-json\/wp\/v2\/types\/post"}],"author":[{"embeddable":true,"href":"https:\/\/www.redenoticia.com.br\/noticia\/wp-json\/wp\/v2\/users\/2"}],"replies":[{"embeddable":true,"href":"https:\/\/www.redenoticia.com.br\/noticia\/wp-json\/wp\/v2\/comments?post=67325"}],"version-history":[{"count":0,"href":"https:\/\/www.redenoticia.com.br\/noticia\/wp-json\/wp\/v2\/posts\/67325\/revisions"}],"wp:featuredmedia":[{"embeddable":true,"href":"https:\/\/www.redenoticia.com.br\/noticia\/wp-json\/wp\/v2\/media\/57584"}],"wp:attachment":[{"href":"https:\/\/www.redenoticia.com.br\/noticia\/wp-json\/wp\/v2\/media?parent=67325"}],"wp:term":[{"taxonomy":"category","embeddable":true,"href":"https:\/\/www.redenoticia.com.br\/noticia\/wp-json\/wp\/v2\/categories?post=67325"},{"taxonomy":"post_tag","embeddable":true,"href":"https:\/\/www.redenoticia.com.br\/noticia\/wp-json\/wp\/v2\/tags?post=67325"}],"curies":[{"name":"wp","href":"https:\/\/api.w.org\/{rel}","templated":true}]}}