{"id":67321,"date":"2015-03-05T16:56:37","date_gmt":"2015-03-05T19:56:37","guid":{"rendered":"http:\/\/www.redenoticia.com.br\/noticia\/?p=67321"},"modified":"2015-03-05T16:56:37","modified_gmt":"2015-03-05T19:56:37","slug":"producao-de-veiculos-cai-289-em-fevereiro","status":"publish","type":"post","link":"https:\/\/www.redenoticia.com.br\/noticia\/2015\/producao-de-veiculos-cai-289-em-fevereiro\/67321","title":{"rendered":"Produ\u00e7\u00e3o de ve\u00edculos cai 28,9% em fevereiro"},"content":{"rendered":"<p> A <strong><em>produ\u00e7\u00e3o de ve\u00edculos automotores<\/em><\/strong> caiu 28,9% em fevereiro na compara\u00e7\u00e3o com o mesmo m\u00eas do ano passado, informou a Associa\u00e7\u00e3o Nacional dos Fabricantes de Ve\u00edculos Automotores (Anfavea). No m\u00eas passado, foram produzidas 200,1 mil unidades, contra 281,6 mil em igual m\u00eas de 2014. Na compara\u00e7\u00e3o com janeiro, quando a produ\u00e7\u00e3o somou 204,8 mil unidades, houve queda de 2,3%. No acumulado deste ano, foram produzidos 404,9 mil ve\u00edculos, 22% a menos do que o total do mesmo per\u00edodo do ano passado (518,9 mil).<\/p>\n<p>\u201cA produ\u00e7\u00e3o de fevereiro reflete diretamente o desempenho do mercado interno, assim como o das exporta\u00e7\u00f5es, e mostra forte necessidade de ajuste dos estoques. N\u00f3s voltamos \u00e0 mesma produ\u00e7\u00e3o de fevereiro de 2009\u201d, destacou o presidente da Anfavea, Luiz Moan.<\/p>\n<p>O licenciamento registrou retra\u00e7\u00e3o de 28,3%, com a venda de 185,9 mil ve\u00edculos em fevereiro, n\u00famero menor do que as 259,3 mil unidades de fevereiro de 2014. Na compara\u00e7\u00e3o com janeiro, quando foram comercializadas 253,8 mil ve\u00edculos, houve queda de 26,7%. Nos dois primeiros meses de 2015, as vendas totalizaram 439,75 mil unidades, 23,1% a menos do que no mesmo per\u00edodo de 2014.<\/p>\n<p>\u201cO licenciamento sofreu uma queda substancial e um dos motivos \u00e9 que tivemos o carnaval em fevereiro, sendo que no ano passado foi em mar\u00e7o. H\u00e1 tamb\u00e9m o efeito do aumento do Imposto sobre Produtos Industrializados [IPI] e a perda do n\u00edvel de confian\u00e7a do consumidor em fun\u00e7\u00e3o da s\u00e9rie de ajustes feitos pelo governo\u201d, explicou Moan.<\/p>\n<p>Ele destacou ainda a queda das vendas no setor de ve\u00edculos usados. \u201cA perda da confian\u00e7a n\u00e3o se restringe aos novos, mas tamb\u00e9m aos usados. A queda de 6,6% nas vendas \u00e9 um indicador extremamente preocupante para o setor\u201d.<\/p>\n<p>As exporta\u00e7\u00f5es ca\u00edram 7,2% no acumulado do ano, com 47,568 mil unidades comercializadas no mercado externo, contra as 51,239 mil contabilizadas em janeiro e fevereiro do ano passado. Na compara\u00e7\u00e3o com fevereiro de 2014, foi registrado crescimento de 9,2% e em rela\u00e7\u00e3o a janeiro, houve eleva\u00e7\u00e3o de 91,8%. \u201cContinuamos sentindo muito a queda das exporta\u00e7\u00f5es para a Argentina, cujo mercado vem caindo, por isso tamb\u00e9m sentimos esse reflexo.\u201d<\/p>\n<p>Em fevereiro, estavam empregados no setor automobil\u00edstico 142,314 mil trabalhadores, queda de 1,3% sobre janeiro (144,163 mil). Na compara\u00e7\u00e3o com fevereiro do ano passado, houve queda de 8,8%. \u201cNosso empregado \u00e9 muito qualificado e a \u00faltima coisa que as empresas gostariam \u00e9 de perder esses funcion\u00e1rios. Por isso fazemos um grande esfor\u00e7o na manuten\u00e7\u00e3o desse emprego qualificado\u201d, disse Moan.<\/p>\n<p>O presidente da Anfavea ressaltou que a entidade revisar\u00e1 as previs\u00f5es. Ele acredita que esses n\u00fameros sofrer\u00e3o redu\u00e7\u00e3o significativa. \u201cAinda precisamos do m\u00eas de mar\u00e7o para uma maior avalia\u00e7\u00e3o das altera\u00e7\u00f5es que devem ser feitas no nosso mercado. Ser\u00e1 com um n\u00famero menor do que prevemos em dezembro porque o quadro se alterou muito. Faz\u00edamos sempre no meio do ano, mas resolvemos antecipar devido ao quadro.\u201d<\/p>\n<p>Fl\u00e1via Albuquerque &#8211; Rep\u00f3rter da Ag\u00eancia Brasil<br \/>\nEdi\u00e7\u00e3o: Juliana Andrade<\/p>\n","protected":false},"excerpt":{"rendered":"<p>A produ\u00e7\u00e3o de ve\u00edculos automotores caiu 28,9% em fevereiro na compara\u00e7\u00e3o com o mesmo m\u00eas do ano passado, informou a Associa\u00e7\u00e3o Nacional dos Fabricantes de Ve\u00edculos Automotores (Anfavea). No m\u00eas passado, foram produzidas 200,1 mil unidades, contra 281,6 mil em igual m\u00eas de 2014. Na compara\u00e7\u00e3o com janeiro, quando a produ\u00e7\u00e3o somou 204,8 mil unidades, [&hellip;]<\/p>\n","protected":false},"author":2,"featured_media":57585,"comment_status":"open","ping_status":"closed","sticky":false,"template":"","format":"standard","meta":{"_genesis_hide_title":false,"_genesis_hide_breadcrumbs":false,"_genesis_hide_singular_image":false,"_genesis_hide_footer_widgets":false,"_genesis_custom_body_class":"","_genesis_custom_post_class":"","_genesis_layout":"","_jetpack_memberships_contains_paid_content":false,"footnotes":""},"categories":[22,7],"tags":[],"class_list":{"0":"post-67321","1":"post","2":"type-post","3":"status-publish","4":"format-standard","5":"has-post-thumbnail","7":"category-brasil","8":"category-economia","9":"entry","10":"gs-1","11":"gs-odd","12":"gs-even","13":"gs-featured-content-entry"},"jetpack_featured_media_url":"https:\/\/www.redenoticia.com.br\/noticia\/imagens\/analise-economia.jpg","jetpack_sharing_enabled":true,"jetpack_likes_enabled":true,"_links":{"self":[{"href":"https:\/\/www.redenoticia.com.br\/noticia\/wp-json\/wp\/v2\/posts\/67321","targetHints":{"allow":["GET"]}}],"collection":[{"href":"https:\/\/www.redenoticia.com.br\/noticia\/wp-json\/wp\/v2\/posts"}],"about":[{"href":"https:\/\/www.redenoticia.com.br\/noticia\/wp-json\/wp\/v2\/types\/post"}],"author":[{"embeddable":true,"href":"https:\/\/www.redenoticia.com.br\/noticia\/wp-json\/wp\/v2\/users\/2"}],"replies":[{"embeddable":true,"href":"https:\/\/www.redenoticia.com.br\/noticia\/wp-json\/wp\/v2\/comments?post=67321"}],"version-history":[{"count":0,"href":"https:\/\/www.redenoticia.com.br\/noticia\/wp-json\/wp\/v2\/posts\/67321\/revisions"}],"wp:featuredmedia":[{"embeddable":true,"href":"https:\/\/www.redenoticia.com.br\/noticia\/wp-json\/wp\/v2\/media\/57585"}],"wp:attachment":[{"href":"https:\/\/www.redenoticia.com.br\/noticia\/wp-json\/wp\/v2\/media?parent=67321"}],"wp:term":[{"taxonomy":"category","embeddable":true,"href":"https:\/\/www.redenoticia.com.br\/noticia\/wp-json\/wp\/v2\/categories?post=67321"},{"taxonomy":"post_tag","embeddable":true,"href":"https:\/\/www.redenoticia.com.br\/noticia\/wp-json\/wp\/v2\/tags?post=67321"}],"curies":[{"name":"wp","href":"https:\/\/api.w.org\/{rel}","templated":true}]}}