{"id":67319,"date":"2015-03-05T16:53:51","date_gmt":"2015-03-05T19:53:51","guid":{"rendered":"http:\/\/www.redenoticia.com.br\/noticia\/?p=67319"},"modified":"2015-03-05T16:53:51","modified_gmt":"2015-03-05T19:53:51","slug":"poupanca-registra-a-pior-captacao-mensal-em-20-anos","status":"publish","type":"post","link":"https:\/\/www.redenoticia.com.br\/noticia\/2015\/poupanca-registra-a-pior-captacao-mensal-em-20-anos\/67319","title":{"rendered":"Poupan\u00e7a registra a pior capta\u00e7\u00e3o mensal em 20 anos"},"content":{"rendered":"<p> O Banco Central (BC) informou que a <strong><em>capta\u00e7\u00e3o l\u00edquida da poupan\u00e7a<\/em><\/strong> ficou negativa em R$ 6,26 bilh\u00f5es em fevereiro. O resultado \u00e9 o pior j\u00e1 registrado para um m\u00eas desde o in\u00edcio da s\u00e9rie hist\u00f3rica do BC, em 1995.<\/p>\n<p>O n\u00famero negativo superou o recorde de janeiro, quando a poupan\u00e7a ficou negativa em R$ 5,528 bilh\u00f5es, at\u00e9 ent\u00e3o o pior resultado da s\u00e9rie. A capta\u00e7\u00e3o negativa significa que as retiradas, que somaram R$ 142,17 bilh\u00f5es em fevereiro, superaram os dep\u00f3sitos dos poupadores, que ficaram em R$ 135, 9 bilh\u00f5es no m\u00eas passado.<\/p>\n<p>O saldo nas contas dos poupadores ficou em R$ 658,19 bilh\u00f5es. O volume dos rendimentos creditados nas cadernetas dos investidores alcan\u00e7ou R$ 3,677 bilh\u00f5es. Do saldo das cadernetas de poupan\u00e7a em fevereiro, R$ 518,7 bilh\u00f5es pertencem ao Sistema Brasileiro de Poupan\u00e7a e Empr\u00e9stimos (SBPE) e R$ 139,4 bilh\u00f5es \u00e0 poupan\u00e7a rural.<\/p>\n<p>Pela regra atual, quando a taxa Selic passa de 8,5% ao ano, a poupan\u00e7a rende 0,5% ao m\u00eas (6,17% ao ano) mais a Taxa Referencial (TR), tipo de taxa vari\u00e1vel. Essa f\u00f3rmula est\u00e1 em vigor desde agosto do ano passado, quando a Selic foi reajustada para 9% ao ano. Quando os juros b\u00e1sicos da economia est\u00e3o iguais ou inferiores a 8,5% ao ano, a caderneta rende 70% da taxa Selic mais a TR.<\/p>\n<p>A f\u00f3rmula s\u00f3 vale para o dinheiro depositado na poupan\u00e7a a partir de 4 de maio de 2012. Para os dep\u00f3sitos anteriores, o rendimento segue a regra antiga, de 0,5% ao m\u00eas mais a TR. Os demais direitos de quem aplica na caderneta foram mantidos, como a isen\u00e7\u00e3o de taxa de administra\u00e7\u00e3o e de impostos.<\/p>\n<p>Mariana Branco &#8211; Rep\u00f3rter da Ag\u00eancia Brasil<br \/>\nEdi\u00e7\u00e3o: A\u00e9cio Amado<\/p>\n","protected":false},"excerpt":{"rendered":"<p>O Banco Central (BC) informou que a capta\u00e7\u00e3o l\u00edquida da poupan\u00e7a ficou negativa em R$ 6,26 bilh\u00f5es em fevereiro. O resultado \u00e9 o pior j\u00e1 registrado para um m\u00eas desde o in\u00edcio da s\u00e9rie hist\u00f3rica do BC, em 1995. O n\u00famero negativo superou o recorde de janeiro, quando a poupan\u00e7a ficou negativa em R$ 5,528 [&hellip;]<\/p>\n","protected":false},"author":2,"featured_media":40517,"comment_status":"open","ping_status":"closed","sticky":false,"template":"","format":"standard","meta":{"_genesis_hide_title":false,"_genesis_hide_breadcrumbs":false,"_genesis_hide_singular_image":false,"_genesis_hide_footer_widgets":false,"_genesis_custom_body_class":"","_genesis_custom_post_class":"","_genesis_layout":"","_jetpack_memberships_contains_paid_content":false,"footnotes":""},"categories":[22,7],"tags":[],"class_list":{"0":"post-67319","1":"post","2":"type-post","3":"status-publish","4":"format-standard","5":"has-post-thumbnail","7":"category-brasil","8":"category-economia","9":"entry","10":"gs-1","11":"gs-odd","12":"gs-even","13":"gs-featured-content-entry"},"jetpack_featured_media_url":"https:\/\/www.redenoticia.com.br\/noticia\/imagens\/economia-previsao.jpg","jetpack_sharing_enabled":true,"jetpack_likes_enabled":true,"_links":{"self":[{"href":"https:\/\/www.redenoticia.com.br\/noticia\/wp-json\/wp\/v2\/posts\/67319","targetHints":{"allow":["GET"]}}],"collection":[{"href":"https:\/\/www.redenoticia.com.br\/noticia\/wp-json\/wp\/v2\/posts"}],"about":[{"href":"https:\/\/www.redenoticia.com.br\/noticia\/wp-json\/wp\/v2\/types\/post"}],"author":[{"embeddable":true,"href":"https:\/\/www.redenoticia.com.br\/noticia\/wp-json\/wp\/v2\/users\/2"}],"replies":[{"embeddable":true,"href":"https:\/\/www.redenoticia.com.br\/noticia\/wp-json\/wp\/v2\/comments?post=67319"}],"version-history":[{"count":0,"href":"https:\/\/www.redenoticia.com.br\/noticia\/wp-json\/wp\/v2\/posts\/67319\/revisions"}],"wp:featuredmedia":[{"embeddable":true,"href":"https:\/\/www.redenoticia.com.br\/noticia\/wp-json\/wp\/v2\/media\/40517"}],"wp:attachment":[{"href":"https:\/\/www.redenoticia.com.br\/noticia\/wp-json\/wp\/v2\/media?parent=67319"}],"wp:term":[{"taxonomy":"category","embeddable":true,"href":"https:\/\/www.redenoticia.com.br\/noticia\/wp-json\/wp\/v2\/categories?post=67319"},{"taxonomy":"post_tag","embeddable":true,"href":"https:\/\/www.redenoticia.com.br\/noticia\/wp-json\/wp\/v2\/tags?post=67319"}],"curies":[{"name":"wp","href":"https:\/\/api.w.org\/{rel}","templated":true}]}}