{"id":67256,"date":"2015-03-04T14:52:23","date_gmt":"2015-03-04T17:52:23","guid":{"rendered":"http:\/\/www.redenoticia.com.br\/noticia\/?p=67256"},"modified":"2015-03-04T14:52:23","modified_gmt":"2015-03-04T17:52:23","slug":"queda-na-producao-de-veiculos-em-2014-prejudicou-producao-industrial","status":"publish","type":"post","link":"https:\/\/www.redenoticia.com.br\/noticia\/2015\/queda-na-producao-de-veiculos-em-2014-prejudicou-producao-industrial\/67256","title":{"rendered":"Queda na produ\u00e7\u00e3o de ve\u00edculos em 2014 prejudicou produ\u00e7\u00e3o industrial"},"content":{"rendered":"<p> A queda de 18,2% na <strong><em>produ\u00e7\u00e3o de ve\u00edculos<\/em><\/strong> automotores, reboques e carrocerias foi uma das causas da redu\u00e7\u00e3o de 5,2%, na compara\u00e7\u00e3o com janeiro de 2014, da produ\u00e7\u00e3o industrial em janeiro de 2015. Os dados s\u00e3o da Pesquisa Industrial Mensal (PIM), divulgados pelo Instituto Brasileiro de Geografia e Estat\u00edstica (IBGE).<\/p>\n<p>Os dados contrastam com o crescimento, de 2%, da produ\u00e7\u00e3o industrial brasileira, em janeiro deste ano, na compara\u00e7\u00e3o com dezembro de 2014. O avan\u00e7o interrompeu a sequ\u00eancia de dois meses consecutivos de queda no resultado: -3,2% em dezembro e -1,1% em novembro, na s\u00e9rie livre de influ\u00eancia sazonal.<\/p>\n<p>A queda da produ\u00e7\u00e3o industrial, levando-se em considera\u00e7\u00e3o a compara\u00e7\u00e3o do per\u00edodo de janeiro de 2014 a janeiro de 2015, n\u00e3o se deveu apenas \u00e0 redu\u00e7\u00e3o de 18,2% na produ\u00e7\u00e3o de ve\u00edculos automotores, reboques e carrocerias.<\/p>\n<p>Houve tamb\u00e9m os seguintes fatores que contribu\u00edram para a queda: coque, produtos derivados do petr\u00f3leo e biocombust\u00edveis, que tiveram a produ\u00e7\u00e3o reduzida em 6,1%; equipamentos de inform\u00e1tica, produtos eletr\u00f4nicos e \u00f3pticos, cuja produ\u00e7\u00e3o caiu 23,2%; m\u00e1quinas e equipamentos (-10,9%); produtos qu\u00edmicos (-7,1%); produtos aliment\u00edcios (-2,7%); produtos de metal (-10,2%) e produtos farmoqu\u00edmicos e farmac\u00eauticos (-14,5%).<\/p>\n<p>No que se refere \u00e0 redu\u00e7\u00e3o da produ\u00e7\u00e3o de veiculos automotores, a queda ocorreu devido ao decr\u00e9scimo na produ\u00e7\u00e3o de aproximadamente 81% dos produtos investigados no setor, especialmente autom\u00f3veis, caminh\u00f5es, caminh\u00e3o-trator para reboques e semirreboques, carrocerias para caminh\u00f5es, reboques e semirreboques e autope\u00e7as.<\/p>\n<p>Nielmar de Oliveira &#8211; Rep\u00f3rter da Ag\u00eancia Brasil<br \/>\nEdi\u00e7\u00e3o: Jos\u00e9 Romildo<\/p>\n","protected":false},"excerpt":{"rendered":"<p>A queda de 18,2% na produ\u00e7\u00e3o de ve\u00edculos automotores, reboques e carrocerias foi uma das causas da redu\u00e7\u00e3o de 5,2%, na compara\u00e7\u00e3o com janeiro de 2014, da produ\u00e7\u00e3o industrial em janeiro de 2015. Os dados s\u00e3o da Pesquisa Industrial Mensal (PIM), divulgados pelo Instituto Brasileiro de Geografia e Estat\u00edstica (IBGE). Os dados contrastam com o [&hellip;]<\/p>\n","protected":false},"author":2,"featured_media":35207,"comment_status":"open","ping_status":"closed","sticky":false,"template":"","format":"standard","meta":{"_genesis_hide_title":false,"_genesis_hide_breadcrumbs":false,"_genesis_hide_singular_image":false,"_genesis_hide_footer_widgets":false,"_genesis_custom_body_class":"","_genesis_custom_post_class":"","_genesis_layout":"","_jetpack_memberships_contains_paid_content":false,"footnotes":""},"categories":[22,7],"tags":[],"class_list":{"0":"post-67256","1":"post","2":"type-post","3":"status-publish","4":"format-standard","5":"has-post-thumbnail","7":"category-brasil","8":"category-economia","9":"entry","10":"gs-1","11":"gs-odd","12":"gs-even","13":"gs-featured-content-entry"},"jetpack_featured_media_url":"https:\/\/www.redenoticia.com.br\/noticia\/imagens\/transito-estradas.jpg","jetpack_sharing_enabled":true,"jetpack_likes_enabled":true,"_links":{"self":[{"href":"https:\/\/www.redenoticia.com.br\/noticia\/wp-json\/wp\/v2\/posts\/67256","targetHints":{"allow":["GET"]}}],"collection":[{"href":"https:\/\/www.redenoticia.com.br\/noticia\/wp-json\/wp\/v2\/posts"}],"about":[{"href":"https:\/\/www.redenoticia.com.br\/noticia\/wp-json\/wp\/v2\/types\/post"}],"author":[{"embeddable":true,"href":"https:\/\/www.redenoticia.com.br\/noticia\/wp-json\/wp\/v2\/users\/2"}],"replies":[{"embeddable":true,"href":"https:\/\/www.redenoticia.com.br\/noticia\/wp-json\/wp\/v2\/comments?post=67256"}],"version-history":[{"count":0,"href":"https:\/\/www.redenoticia.com.br\/noticia\/wp-json\/wp\/v2\/posts\/67256\/revisions"}],"wp:featuredmedia":[{"embeddable":true,"href":"https:\/\/www.redenoticia.com.br\/noticia\/wp-json\/wp\/v2\/media\/35207"}],"wp:attachment":[{"href":"https:\/\/www.redenoticia.com.br\/noticia\/wp-json\/wp\/v2\/media?parent=67256"}],"wp:term":[{"taxonomy":"category","embeddable":true,"href":"https:\/\/www.redenoticia.com.br\/noticia\/wp-json\/wp\/v2\/categories?post=67256"},{"taxonomy":"post_tag","embeddable":true,"href":"https:\/\/www.redenoticia.com.br\/noticia\/wp-json\/wp\/v2\/tags?post=67256"}],"curies":[{"name":"wp","href":"https:\/\/api.w.org\/{rel}","templated":true}]}}