{"id":67254,"date":"2015-03-04T14:49:16","date_gmt":"2015-03-04T17:49:16","guid":{"rendered":"http:\/\/www.redenoticia.com.br\/noticia\/?p=67254"},"modified":"2015-03-04T14:49:16","modified_gmt":"2015-03-04T17:49:16","slug":"industria-registra-terceiro-mes-seguido-de-queda-no-faturamento-diz-cni","status":"publish","type":"post","link":"https:\/\/www.redenoticia.com.br\/noticia\/2015\/industria-registra-terceiro-mes-seguido-de-queda-no-faturamento-diz-cni\/67254","title":{"rendered":"Ind\u00fastria registra terceiro m\u00eas seguido de queda no faturamento, diz CNI"},"content":{"rendered":"<p> O <strong><em>faturamento real da ind\u00fastria<\/em><\/strong> caiu 2,6%, em janeiro, na compara\u00e7\u00e3o com dezembro de 2014. \u00c9 o terceiro m\u00eas seguido de queda no \u00edndice, segundo a Confedera\u00e7\u00e3o Nacional da Ind\u00fastria (CNI), que divulgou o levantamento de indicadores industriais. O valor tamb\u00e9m \u00e9 menor que o registrado em janeiro de 2014 (-8,4%).<\/p>\n<p>As horas trabalhadas na produ\u00e7\u00e3o e a utiliza\u00e7\u00e3o da capacidade instalada, entretanto, cresceram em janeiro, em rela\u00e7\u00e3o ao m\u00eas anterior. As altas foram, respectivamente, 1,9% e 0,4 ponto percentual, nas s\u00e9ries livres de influ\u00eancias sazonais. Em janeiro, a ind\u00fastria operou, em m\u00e9dia, com 81,5% da capacidade instalada. Ainda assim, os \u00edndices continuam em baixo n\u00edvel, comparados a janeiro de 2014 \u2013 o indicador atual de horas trabalhadas est\u00e1 8% menor e a utiliza\u00e7\u00e3o da capacidade instalada est\u00e1 0,3 ponto percentual abaixo do registrado no ano passado.<\/p>\n<p>A ind\u00fastria ainda n\u00e3o voltou a contratar em janeiro, mas, apesar da queda no faturamento, o indicador de emprego ficou est\u00e1vel em rela\u00e7\u00e3o a dezembro. Esse \u00e9 o segundo m\u00eas consecutivo que o indicador n\u00e3o cai, depois de nove meses seguidos de queda em 2014. O n\u00edvel de emprego atual \u00e9 3,5% inferior ao registrado em janeiro de 2014.<\/p>\n<p>Na avalia\u00e7\u00e3o da CNI, a pesquisa mostra \u201cque a enfraquecida demanda dom\u00e9stica segue como um limitador adicional \u00e0 recupera\u00e7\u00e3o da ind\u00fastria\u201d. Revela ainda que a massa salarial recuou 0,5% de dezembro para janeiro \u2013 quinta queda mensal consecutiva. Na compara\u00e7\u00e3o com janeiro do ano passado, o resultado representa queda de 3,3%.<\/p>\n<p>Entretanto, o rendimento m\u00e9dio real cresceu 0,3% em janeiro, em rela\u00e7\u00e3o ao m\u00eas anterior. Na compara\u00e7\u00e3o com janeiro do ano passado, a alta \u00e9 0,2%. Segundo a pesquisa, \u201co rendimento m\u00e9dio ainda mostra crescimento porque h\u00e1 certa in\u00e9rcia dos reajuste salariais de 2014, e os efeitos da redu\u00e7\u00e3o do emprego na ind\u00fastria ainda \u00e9 parcial\u201d.<\/p>\n<p>Andreia Verd\u00e9lio &#8211; Rep\u00f3rter da Ag\u00eancia Brasil<br \/>\nEdi\u00e7\u00e3o: Denise Griesinger<\/p>\n","protected":false},"excerpt":{"rendered":"<p>O faturamento real da ind\u00fastria caiu 2,6%, em janeiro, na compara\u00e7\u00e3o com dezembro de 2014. \u00c9 o terceiro m\u00eas seguido de queda no \u00edndice, segundo a Confedera\u00e7\u00e3o Nacional da Ind\u00fastria (CNI), que divulgou o levantamento de indicadores industriais. O valor tamb\u00e9m \u00e9 menor que o registrado em janeiro de 2014 (-8,4%). As horas trabalhadas na [&hellip;]<\/p>\n","protected":false},"author":2,"featured_media":57583,"comment_status":"open","ping_status":"closed","sticky":false,"template":"","format":"standard","meta":{"_genesis_hide_title":false,"_genesis_hide_breadcrumbs":false,"_genesis_hide_singular_image":false,"_genesis_hide_footer_widgets":false,"_genesis_custom_body_class":"","_genesis_custom_post_class":"","_genesis_layout":"","_jetpack_memberships_contains_paid_content":false,"footnotes":""},"categories":[22,7],"tags":[],"class_list":{"0":"post-67254","1":"post","2":"type-post","3":"status-publish","4":"format-standard","5":"has-post-thumbnail","7":"category-brasil","8":"category-economia","9":"entry","10":"gs-1","11":"gs-odd","12":"gs-even","13":"gs-featured-content-entry"},"jetpack_featured_media_url":"https:\/\/www.redenoticia.com.br\/noticia\/imagens\/economia-grafico.jpg","jetpack_sharing_enabled":true,"jetpack_likes_enabled":true,"_links":{"self":[{"href":"https:\/\/www.redenoticia.com.br\/noticia\/wp-json\/wp\/v2\/posts\/67254","targetHints":{"allow":["GET"]}}],"collection":[{"href":"https:\/\/www.redenoticia.com.br\/noticia\/wp-json\/wp\/v2\/posts"}],"about":[{"href":"https:\/\/www.redenoticia.com.br\/noticia\/wp-json\/wp\/v2\/types\/post"}],"author":[{"embeddable":true,"href":"https:\/\/www.redenoticia.com.br\/noticia\/wp-json\/wp\/v2\/users\/2"}],"replies":[{"embeddable":true,"href":"https:\/\/www.redenoticia.com.br\/noticia\/wp-json\/wp\/v2\/comments?post=67254"}],"version-history":[{"count":0,"href":"https:\/\/www.redenoticia.com.br\/noticia\/wp-json\/wp\/v2\/posts\/67254\/revisions"}],"wp:featuredmedia":[{"embeddable":true,"href":"https:\/\/www.redenoticia.com.br\/noticia\/wp-json\/wp\/v2\/media\/57583"}],"wp:attachment":[{"href":"https:\/\/www.redenoticia.com.br\/noticia\/wp-json\/wp\/v2\/media?parent=67254"}],"wp:term":[{"taxonomy":"category","embeddable":true,"href":"https:\/\/www.redenoticia.com.br\/noticia\/wp-json\/wp\/v2\/categories?post=67254"},{"taxonomy":"post_tag","embeddable":true,"href":"https:\/\/www.redenoticia.com.br\/noticia\/wp-json\/wp\/v2\/tags?post=67254"}],"curies":[{"name":"wp","href":"https:\/\/api.w.org\/{rel}","templated":true}]}}