{"id":67252,"date":"2015-03-04T14:44:31","date_gmt":"2015-03-04T17:44:31","guid":{"rendered":"http:\/\/www.redenoticia.com.br\/noticia\/?p=67252"},"modified":"2015-03-04T14:44:31","modified_gmt":"2015-03-04T17:44:31","slug":"indice-que-monitora-preco-de-commodities-sobe-497-em-fevereiro","status":"publish","type":"post","link":"https:\/\/www.redenoticia.com.br\/noticia\/2015\/indice-que-monitora-preco-de-commodities-sobe-497-em-fevereiro\/67252","title":{"rendered":"\u00cdndice que monitora pre\u00e7o de commodities sobe 4,97% em fevereiro"},"content":{"rendered":"<p> O <strong><em>\u00cdndice de Commodities Brasil<\/em><\/strong> (IC-Br), que acompanha os pre\u00e7os das commodities (produtos prim\u00e1rios com cota\u00e7\u00e3o internacional), registrou, em fevereiro, alta de 4,97%, na compara\u00e7\u00e3o com janeiro. Como no m\u00eas passado o IC-Br havia registrado recuo de 5,14%, nos dois primeiros meses do ano, h\u00e1 queda acumulada de 0,42%. Os dados foram divulgados pelo Banco Central (BC).<\/p>\n<p>O IC-Br \u00e9 calculado com base na varia\u00e7\u00e3o dos pre\u00e7os de produtos prim\u00e1rios negociados no exterior. Para isso, o BC observa os produtos relevantes para a din\u00e2mica dos pre\u00e7os ao consumidor no Brasil.<\/p>\n<p>No m\u00eas passado, o segmento de energia (petr\u00f3leo, g\u00e1s natural e carv\u00e3o) foi o principal respons\u00e1vel pela alta de pre\u00e7os, com eleva\u00e7\u00e3o de 18,35% no m\u00eas. O segmento de metal (alum\u00ednio, min\u00e9rio de ferro, cobre, estanho, zinco, chumbo e n\u00edquel) tamb\u00e9m registrou alta de 4,19%.<\/p>\n<p>O segmento agropecu\u00e1rio (carne de boi, algod\u00e3o, \u00f3leo de soja, trigo, a\u00e7\u00facar, milho, caf\u00e9, arroz e carne de porco) teve eleva\u00e7\u00e3o de 3,33% no \u00edndice de commodities. Os tr\u00eas segmentos reverteram a situa\u00e7\u00e3o de janeiro, quando todos haviam apresentado queda em rela\u00e7\u00e3o a dezembro.<\/p>\n<p>O \u00cdndice Internacional de Pre\u00e7os de Commodities (CRB), calculado pelo Commodity Research Bureau, registrou alta de 4,75% em fevereiro e de 0,57% no acumulado do ano.<\/p>\n<p>Mariana Branco &#8211; Rep\u00f3rter da Ag\u00eancia Brasil<br \/>\nEdi\u00e7\u00e3o: Armando Cardoso<\/p>\n","protected":false},"excerpt":{"rendered":"<p>O \u00cdndice de Commodities Brasil (IC-Br), que acompanha os pre\u00e7os das commodities (produtos prim\u00e1rios com cota\u00e7\u00e3o internacional), registrou, em fevereiro, alta de 4,97%, na compara\u00e7\u00e3o com janeiro. Como no m\u00eas passado o IC-Br havia registrado recuo de 5,14%, nos dois primeiros meses do ano, h\u00e1 queda acumulada de 0,42%. Os dados foram divulgados pelo Banco [&hellip;]<\/p>\n","protected":false},"author":2,"featured_media":57582,"comment_status":"open","ping_status":"closed","sticky":false,"template":"","format":"standard","meta":{"_genesis_hide_title":false,"_genesis_hide_breadcrumbs":false,"_genesis_hide_singular_image":false,"_genesis_hide_footer_widgets":false,"_genesis_custom_body_class":"","_genesis_custom_post_class":"","_genesis_layout":"","_jetpack_memberships_contains_paid_content":false,"footnotes":""},"categories":[22,7],"tags":[],"class_list":{"0":"post-67252","1":"post","2":"type-post","3":"status-publish","4":"format-standard","5":"has-post-thumbnail","7":"category-brasil","8":"category-economia","9":"entry","10":"gs-1","11":"gs-odd","12":"gs-even","13":"gs-featured-content-entry"},"jetpack_featured_media_url":"https:\/\/www.redenoticia.com.br\/noticia\/imagens\/grafico1.jpg","jetpack_sharing_enabled":true,"jetpack_likes_enabled":true,"_links":{"self":[{"href":"https:\/\/www.redenoticia.com.br\/noticia\/wp-json\/wp\/v2\/posts\/67252","targetHints":{"allow":["GET"]}}],"collection":[{"href":"https:\/\/www.redenoticia.com.br\/noticia\/wp-json\/wp\/v2\/posts"}],"about":[{"href":"https:\/\/www.redenoticia.com.br\/noticia\/wp-json\/wp\/v2\/types\/post"}],"author":[{"embeddable":true,"href":"https:\/\/www.redenoticia.com.br\/noticia\/wp-json\/wp\/v2\/users\/2"}],"replies":[{"embeddable":true,"href":"https:\/\/www.redenoticia.com.br\/noticia\/wp-json\/wp\/v2\/comments?post=67252"}],"version-history":[{"count":0,"href":"https:\/\/www.redenoticia.com.br\/noticia\/wp-json\/wp\/v2\/posts\/67252\/revisions"}],"wp:featuredmedia":[{"embeddable":true,"href":"https:\/\/www.redenoticia.com.br\/noticia\/wp-json\/wp\/v2\/media\/57582"}],"wp:attachment":[{"href":"https:\/\/www.redenoticia.com.br\/noticia\/wp-json\/wp\/v2\/media?parent=67252"}],"wp:term":[{"taxonomy":"category","embeddable":true,"href":"https:\/\/www.redenoticia.com.br\/noticia\/wp-json\/wp\/v2\/categories?post=67252"},{"taxonomy":"post_tag","embeddable":true,"href":"https:\/\/www.redenoticia.com.br\/noticia\/wp-json\/wp\/v2\/tags?post=67252"}],"curies":[{"name":"wp","href":"https:\/\/api.w.org\/{rel}","templated":true}]}}