{"id":67250,"date":"2015-03-04T14:41:44","date_gmt":"2015-03-04T17:41:44","guid":{"rendered":"http:\/\/www.redenoticia.com.br\/noticia\/?p=67250"},"modified":"2015-03-04T14:41:44","modified_gmt":"2015-03-04T17:41:44","slug":"comprovante-de-rendimentos-da-nota-fiscal-paulista-para-ir-2015","status":"publish","type":"post","link":"https:\/\/www.redenoticia.com.br\/noticia\/2015\/comprovante-de-rendimentos-da-nota-fiscal-paulista-para-ir-2015\/67250","title":{"rendered":"Comprovante de Rendimentos da Nota Fiscal Paulista para IR 2015"},"content":{"rendered":"<p>Os cadastrados na <em><strong>Nota Fiscal Paulista<\/strong><\/em> j\u00e1 podem conferir no  o Comprovante de Rendimentos Pagos e de Reten\u00e7\u00e3o de Imposto de Renda na Fonte. O documento traz o total de cr\u00e9ditos e de pr\u00eamios recebidos no ano passado para que os consumidores possam utilizar essas informa\u00e7\u00f5es na declara\u00e7\u00e3o do Imposto de Renda 2015.<\/p>\n<p>Para obter o comprovante de rendimentos da Nota Fiscal Paulista, o consumidor deve acessar o site da Fazenda, inserir o CPF e a senha cadastrada. Em seguida, basta clicar em Conta Corrente, Demonstrativo IR e selecionar o ano de refer\u00eancia: IR 2015 \/ Ano Base 2014.<\/p>\n<p>Os usu\u00e1rios que resgataram cr\u00e9ditos ou ganharam pr\u00eamios no programa n\u00e3o ter\u00e3o de pagar imposto de renda sobre esses valores. Os cr\u00e9ditos resgatados em conta corrente ou utilizados para abatimento do IPVA s\u00e3o isentos. Os pr\u00eamios t\u00eam o imposto de renda retido na fonte, ou seja, os valores recebidos pelos consumidores participantes do programa s\u00e3o l\u00edquidos e n\u00e3o sofrem nenhuma tributa\u00e7\u00e3o extra.<\/p>\n<p>A Fazenda recomenda que o consumidor informe \u00e0 Receita Federal os valores constantes no Comprovante de Rendimentos da Nota Fiscal, em raz\u00e3o da varia\u00e7\u00e3o patrimonial que cr\u00e9ditos e pr\u00eamios elevados podem produzir.<\/p>\n<p>Do Portal do Governo do Estado SP<\/p>\n","protected":false},"excerpt":{"rendered":"<p>Os cadastrados na Nota Fiscal Paulista j\u00e1 podem conferir no o Comprovante de Rendimentos Pagos e de Reten\u00e7\u00e3o de Imposto de Renda na Fonte. O documento traz o total de cr\u00e9ditos e de pr\u00eamios recebidos no ano passado para que os consumidores possam utilizar essas informa\u00e7\u00f5es na declara\u00e7\u00e3o do Imposto de Renda 2015. Para obter [&hellip;]<\/p>\n","protected":false},"author":2,"featured_media":18269,"comment_status":"open","ping_status":"closed","sticky":false,"template":"","format":"standard","meta":{"_genesis_hide_title":false,"_genesis_hide_breadcrumbs":false,"_genesis_hide_singular_image":false,"_genesis_hide_footer_widgets":false,"_genesis_custom_body_class":"","_genesis_custom_post_class":"","_genesis_layout":"","_jetpack_memberships_contains_paid_content":false,"footnotes":""},"categories":[22,7],"tags":[],"class_list":{"0":"post-67250","1":"post","2":"type-post","3":"status-publish","4":"format-standard","5":"has-post-thumbnail","7":"category-brasil","8":"category-economia","9":"entry","10":"gs-1","11":"gs-odd","12":"gs-even","13":"gs-featured-content-entry"},"jetpack_featured_media_url":"https:\/\/www.redenoticia.com.br\/noticia\/imagens\/nota-fiscal-paulista1.jpg","jetpack_sharing_enabled":true,"jetpack_likes_enabled":true,"_links":{"self":[{"href":"https:\/\/www.redenoticia.com.br\/noticia\/wp-json\/wp\/v2\/posts\/67250","targetHints":{"allow":["GET"]}}],"collection":[{"href":"https:\/\/www.redenoticia.com.br\/noticia\/wp-json\/wp\/v2\/posts"}],"about":[{"href":"https:\/\/www.redenoticia.com.br\/noticia\/wp-json\/wp\/v2\/types\/post"}],"author":[{"embeddable":true,"href":"https:\/\/www.redenoticia.com.br\/noticia\/wp-json\/wp\/v2\/users\/2"}],"replies":[{"embeddable":true,"href":"https:\/\/www.redenoticia.com.br\/noticia\/wp-json\/wp\/v2\/comments?post=67250"}],"version-history":[{"count":0,"href":"https:\/\/www.redenoticia.com.br\/noticia\/wp-json\/wp\/v2\/posts\/67250\/revisions"}],"wp:featuredmedia":[{"embeddable":true,"href":"https:\/\/www.redenoticia.com.br\/noticia\/wp-json\/wp\/v2\/media\/18269"}],"wp:attachment":[{"href":"https:\/\/www.redenoticia.com.br\/noticia\/wp-json\/wp\/v2\/media?parent=67250"}],"wp:term":[{"taxonomy":"category","embeddable":true,"href":"https:\/\/www.redenoticia.com.br\/noticia\/wp-json\/wp\/v2\/categories?post=67250"},{"taxonomy":"post_tag","embeddable":true,"href":"https:\/\/www.redenoticia.com.br\/noticia\/wp-json\/wp\/v2\/tags?post=67250"}],"curies":[{"name":"wp","href":"https:\/\/api.w.org\/{rel}","templated":true}]}}