{"id":67218,"date":"2015-03-03T16:25:02","date_gmt":"2015-03-03T19:25:02","guid":{"rendered":"http:\/\/www.redenoticia.com.br\/noticia\/?p=67218"},"modified":"2015-03-03T16:25:02","modified_gmt":"2015-03-03T19:25:02","slug":"protesto-de-caminhoneiros-gerou-prejuizos-na-producao-de-aves-e-suinos","status":"publish","type":"post","link":"https:\/\/www.redenoticia.com.br\/noticia\/2015\/protesto-de-caminhoneiros-gerou-prejuizos-na-producao-de-aves-e-suinos\/67218","title":{"rendered":"Protesto de caminhoneiros gerou preju\u00edzos na produ\u00e7\u00e3o de aves e su\u00ednos"},"content":{"rendered":"<p> A <strong><em>paralisa\u00e7\u00e3o dos caminhoneiros<\/em><\/strong> nas estradas que escoam a produ\u00e7\u00e3o de aves e su\u00ednos para a Regi\u00e3o Sul do pa\u00eds gerou preju\u00edzo de cerca de R$ 700 milh\u00f5es. A previs\u00e3o foi divulgada pela Associa\u00e7\u00e3o Brasileira de Prote\u00edna Animal (ABPA). <\/p>\n<p>Segundo a associa\u00e7\u00e3o, a Regi\u00e3o Sul, que \u00e9 a maior produtora de aves e su\u00ednos do pa\u00eds, teve 70% de sua capacidade de abate afetada pelo movimento dos caminhoneiros, principalmente na segunda-feira e sexta-feira da semana passada, os dias mais graves de bloqueio nas estradas. Desde o in\u00edcio do protesto, no dia 21 de fevereiro, cerca de 60 unidades frigor\u00edficas apresentaram desacelera\u00e7\u00e3o ou suspens\u00e3o total da produ\u00e7\u00e3o, calculou a ABPA. Algumas delas retomaram a produ\u00e7\u00e3o.<\/p>\n<p>\u201cTivemos conhecimento de planta que suspendeu abate nesta segunda-feira (2). Outras, est\u00e3o receosas em retomar as atividades e enfrentar nova paralisa\u00e7\u00e3o, que \u00e9 mais oneroso do que manter a planta suspensa. Soubemos de problemas que exportadores est\u00e3o enfrentando em portos. Estamos em estado de alerta, mesmo com a redu\u00e7\u00e3o do n\u00famero de bloqueios pelo pa\u00eds\u201d, disse Francisco Turra, presidente-executivo da associa\u00e7\u00e3o.<\/p>\n<p>Em nota, a Secretaria-Geral da Presid\u00eancia da Rep\u00fablica informou que hoje, um dia ap\u00f3s a presidenta Dilma Rousseff ter sancionado a Lei dos Caminhoneiros, houve redu\u00e7\u00e3o no n\u00famero de interdi\u00e7\u00f5es nas rodovias federais do pa\u00eds, desde o in\u00edcio do movimento. Por volta do meio-dia, informou a nota, havia apenas cinco pontos parciais de interdi\u00e7\u00e3o nas cidades ga\u00fachas de Tr\u00eas de Maio (BR-472), Tr\u00eas Passos (BR-468), Cachoeira do Sul (BR-153), Frederico Westphalen (BR-386) e Palmeira das Miss\u00f5es (BR-468).<\/p>\n<p>Elaine Patricia Cruz &#8211; Rep\u00f3rter da Ag\u00eancia Brasil<br \/>\nEdi\u00e7\u00e3o: Val\u00e9ria Aguiar<\/p>\n","protected":false},"excerpt":{"rendered":"<p>A paralisa\u00e7\u00e3o dos caminhoneiros nas estradas que escoam a produ\u00e7\u00e3o de aves e su\u00ednos para a Regi\u00e3o Sul do pa\u00eds gerou preju\u00edzo de cerca de R$ 700 milh\u00f5es. A previs\u00e3o foi divulgada pela Associa\u00e7\u00e3o Brasileira de Prote\u00edna Animal (ABPA). Segundo a associa\u00e7\u00e3o, a Regi\u00e3o Sul, que \u00e9 a maior produtora de aves e su\u00ednos do [&hellip;]<\/p>\n","protected":false},"author":2,"featured_media":57584,"comment_status":"open","ping_status":"closed","sticky":false,"template":"","format":"standard","meta":{"_genesis_hide_title":false,"_genesis_hide_breadcrumbs":false,"_genesis_hide_singular_image":false,"_genesis_hide_footer_widgets":false,"_genesis_custom_body_class":"","_genesis_custom_post_class":"","_genesis_layout":"","_jetpack_memberships_contains_paid_content":false,"footnotes":""},"categories":[22,7],"tags":[],"class_list":{"0":"post-67218","1":"post","2":"type-post","3":"status-publish","4":"format-standard","5":"has-post-thumbnail","7":"category-brasil","8":"category-economia","9":"entry","10":"gs-1","11":"gs-odd","12":"gs-even","13":"gs-featured-content-entry"},"jetpack_featured_media_url":"https:\/\/www.redenoticia.com.br\/noticia\/imagens\/economia-grafica-analise-inflacao.jpg","jetpack_sharing_enabled":true,"jetpack_likes_enabled":true,"_links":{"self":[{"href":"https:\/\/www.redenoticia.com.br\/noticia\/wp-json\/wp\/v2\/posts\/67218","targetHints":{"allow":["GET"]}}],"collection":[{"href":"https:\/\/www.redenoticia.com.br\/noticia\/wp-json\/wp\/v2\/posts"}],"about":[{"href":"https:\/\/www.redenoticia.com.br\/noticia\/wp-json\/wp\/v2\/types\/post"}],"author":[{"embeddable":true,"href":"https:\/\/www.redenoticia.com.br\/noticia\/wp-json\/wp\/v2\/users\/2"}],"replies":[{"embeddable":true,"href":"https:\/\/www.redenoticia.com.br\/noticia\/wp-json\/wp\/v2\/comments?post=67218"}],"version-history":[{"count":0,"href":"https:\/\/www.redenoticia.com.br\/noticia\/wp-json\/wp\/v2\/posts\/67218\/revisions"}],"wp:featuredmedia":[{"embeddable":true,"href":"https:\/\/www.redenoticia.com.br\/noticia\/wp-json\/wp\/v2\/media\/57584"}],"wp:attachment":[{"href":"https:\/\/www.redenoticia.com.br\/noticia\/wp-json\/wp\/v2\/media?parent=67218"}],"wp:term":[{"taxonomy":"category","embeddable":true,"href":"https:\/\/www.redenoticia.com.br\/noticia\/wp-json\/wp\/v2\/categories?post=67218"},{"taxonomy":"post_tag","embeddable":true,"href":"https:\/\/www.redenoticia.com.br\/noticia\/wp-json\/wp\/v2\/tags?post=67218"}],"curies":[{"name":"wp","href":"https:\/\/api.w.org\/{rel}","templated":true}]}}