{"id":67214,"date":"2015-03-03T16:20:42","date_gmt":"2015-03-03T19:20:42","guid":{"rendered":"http:\/\/www.redenoticia.com.br\/noticia\/?p=67214"},"modified":"2015-03-03T16:20:42","modified_gmt":"2015-03-03T19:20:42","slug":"firjan-defende-privatizacao-de-setores-do-estado-para-reduzir-custos","status":"publish","type":"post","link":"https:\/\/www.redenoticia.com.br\/noticia\/2015\/firjan-defende-privatizacao-de-setores-do-estado-para-reduzir-custos\/67214","title":{"rendered":"Firjan defende privatiza\u00e7\u00e3o de setores do Estado para reduzir custos"},"content":{"rendered":"<p> O presidente da Federa\u00e7\u00e3o das Ind\u00fastrias do Estado do Rio de Janeiro (Firjan), Eduardo Eugenio Gouv\u00eaa Vieira, defendeu a privatiza\u00e7\u00e3o de alguns setores do governo brasileiro para reduzir custos. O <strong><em>equil\u00edbrio das contas p\u00fablicas<\/em><\/strong>, argumentou o presidente da Firjan, leva \u00e0 quest\u00e3o mais importante da economia, que \u00e9 a confian\u00e7a. \u201cA falta de credibilidade, que \u00e9 sin\u00f4nimo da inseguran\u00e7a, n\u00e3o apenas abandona os investidores, mas polui a todos n\u00f3s aqui\u201d. Segundo ele, na medida em que o Estado precisa fazer um equil\u00edbrio nas suas contas, deve trabalhar para a desonera\u00e7\u00e3o da produ\u00e7\u00e3o.<\/p>\n<p>Referiu-se de modo particular \u00e0s normas regulamentadoras (NRs) do Minist\u00e9rio do Trabalho. \u201cS\u00e3o coisas que, de repente, as empresas ficam mais flex\u00edveis, entendendo que n\u00f3s temos que pagar uma parte da conta, mas o Estado brasileiro, por outro lado, vai fazer com que os nossos custos de produ\u00e7\u00e3o possam diminuir&#8221;, notadamente em rela\u00e7\u00e3o a custos agregados, explicou.<\/p>\n<p>Ele lembrou que quando h\u00e1 um problema nas empresas, muitas vezes, para fazer o or\u00e7amento, as companhias decidem abrir m\u00e3o de alguns ativos. Nesse sentido, considerou importante que o Estado transmita a necessidade de fazer um choque importante de privatiza\u00e7\u00e3o no pa\u00eds.<\/p>\n<p>\u201cTem v\u00e1rios ativos que n\u00e3o tem necessidade de o Estado preservar\u201d, ressaltou. Na quest\u00e3o da sa\u00fade p\u00fablica, disse que n\u00e3o h\u00e1 rela\u00e7\u00e3o com a propriedade do im\u00f3vel onde est\u00e1 um determinado hospital ou ambulat\u00f3rio. \u201cSe o Estado pesquisar com lupa onde \u00e9 aquilo que n\u00e3o tem nada a ver com o papel do Estado, e onde o setor privado pode assumir, eu acho que est\u00e1 na hora de pensarmos sobre isso.\u201d<\/p>\n<p>Vieira referiu-se tamb\u00e9m \u00e0 elevada carga tribut\u00e1ria incidente na ind\u00fastria de transforma\u00e7\u00e3o, que equivale \u00e0 quase metade do Produto Interno Bruto (PIB) do setor e a duas vezes a m\u00e9dia da carga tribut\u00e1ria do setor empresarial. Acrescentou que o custo unit\u00e1rio de trabalho subiu em termos reais (descontada a infla\u00e7\u00e3o) quase 12% entre 2010 e 2014, principalmente com a estagna\u00e7\u00e3o produtiva. A ind\u00fastria enfrenta ainda o custo de energia el\u00e9trica, que poder\u00e1 subir at\u00e9 53% em mar\u00e7o.<\/p>\n<p>A situa\u00e7\u00e3o, segundo o presidente da Firjan, requer a aten\u00e7\u00e3o dos empres\u00e1rios sobre o papel que o setor tem a desempenhar na atual conjuntura \u201ccomplicada\u201d que o pa\u00eds enfrenta nos campos pol\u00edtico e econ\u00f4mico. \u201cO Brasil pouco cresceu no ano passado, e as perspectivas n\u00e3o s\u00e3o nada brilhantes para este ano\u201d, destacou. Ele adiantou que a repercuss\u00e3o disso \u00e9 negativa sobre o emprego e a renda.<\/p>\n<p>Gouv\u00eaa Vieira referiu-se ainda \u00e0 crise moral que o pa\u00eds passa e oferece aos empres\u00e1rios o desafio de trazer \u00e0 mesa de negocia\u00e7\u00e3o equil\u00edbrio e propostas de di\u00e1logo, de forma tranquila. \u201cPara isso, n\u00f3s temos que entender que o Brasil \u00e9 mais importante do que essas conjunturas que estamos passando\u201d, enfatizou. Na sua opini\u00e3o, n\u00e3o interessa quem causou as crises. O importante \u00e9 toda a popula\u00e7\u00e3o se unir para enfrentar os embara\u00e7os que o pa\u00eds est\u00e1 vivendo. \u201cOs empres\u00e1rios t\u00eam que dar o exemplo\u201d, concluiu.<\/p>\n<p>Alana Gandra &#8211; Rep\u00f3rter da Ag\u00eancia Brasil<br \/>\nEdi\u00e7\u00e3o: St\u00eanio Ribeiro<\/p>\n","protected":false},"excerpt":{"rendered":"<p>O presidente da Federa\u00e7\u00e3o das Ind\u00fastrias do Estado do Rio de Janeiro (Firjan), Eduardo Eugenio Gouv\u00eaa Vieira, defendeu a privatiza\u00e7\u00e3o de alguns setores do governo brasileiro para reduzir custos. O equil\u00edbrio das contas p\u00fablicas, argumentou o presidente da Firjan, leva \u00e0 quest\u00e3o mais importante da economia, que \u00e9 a confian\u00e7a. \u201cA falta de credibilidade, que [&hellip;]<\/p>\n","protected":false},"author":2,"featured_media":57583,"comment_status":"open","ping_status":"closed","sticky":false,"template":"","format":"standard","meta":{"_genesis_hide_title":false,"_genesis_hide_breadcrumbs":false,"_genesis_hide_singular_image":false,"_genesis_hide_footer_widgets":false,"_genesis_custom_body_class":"","_genesis_custom_post_class":"","_genesis_layout":"","_jetpack_memberships_contains_paid_content":false,"footnotes":""},"categories":[22,7],"tags":[],"class_list":{"0":"post-67214","1":"post","2":"type-post","3":"status-publish","4":"format-standard","5":"has-post-thumbnail","7":"category-brasil","8":"category-economia","9":"entry","10":"gs-1","11":"gs-odd","12":"gs-even","13":"gs-featured-content-entry"},"jetpack_featured_media_url":"https:\/\/www.redenoticia.com.br\/noticia\/imagens\/economia-grafico.jpg","jetpack_sharing_enabled":true,"jetpack_likes_enabled":true,"_links":{"self":[{"href":"https:\/\/www.redenoticia.com.br\/noticia\/wp-json\/wp\/v2\/posts\/67214","targetHints":{"allow":["GET"]}}],"collection":[{"href":"https:\/\/www.redenoticia.com.br\/noticia\/wp-json\/wp\/v2\/posts"}],"about":[{"href":"https:\/\/www.redenoticia.com.br\/noticia\/wp-json\/wp\/v2\/types\/post"}],"author":[{"embeddable":true,"href":"https:\/\/www.redenoticia.com.br\/noticia\/wp-json\/wp\/v2\/users\/2"}],"replies":[{"embeddable":true,"href":"https:\/\/www.redenoticia.com.br\/noticia\/wp-json\/wp\/v2\/comments?post=67214"}],"version-history":[{"count":0,"href":"https:\/\/www.redenoticia.com.br\/noticia\/wp-json\/wp\/v2\/posts\/67214\/revisions"}],"wp:featuredmedia":[{"embeddable":true,"href":"https:\/\/www.redenoticia.com.br\/noticia\/wp-json\/wp\/v2\/media\/57583"}],"wp:attachment":[{"href":"https:\/\/www.redenoticia.com.br\/noticia\/wp-json\/wp\/v2\/media?parent=67214"}],"wp:term":[{"taxonomy":"category","embeddable":true,"href":"https:\/\/www.redenoticia.com.br\/noticia\/wp-json\/wp\/v2\/categories?post=67214"},{"taxonomy":"post_tag","embeddable":true,"href":"https:\/\/www.redenoticia.com.br\/noticia\/wp-json\/wp\/v2\/tags?post=67214"}],"curies":[{"name":"wp","href":"https:\/\/api.w.org\/{rel}","templated":true}]}}