{"id":67212,"date":"2015-03-03T16:18:22","date_gmt":"2015-03-03T19:18:22","guid":{"rendered":"http:\/\/www.redenoticia.com.br\/noticia\/?p=67212"},"modified":"2015-03-03T16:18:22","modified_gmt":"2015-03-03T19:18:22","slug":"balanca-comercial-de-fevereiro-registra-pior-resultado-desde-1980","status":"publish","type":"post","link":"https:\/\/www.redenoticia.com.br\/noticia\/2015\/balanca-comercial-de-fevereiro-registra-pior-resultado-desde-1980\/67212","title":{"rendered":"Balan\u00e7a comercial de fevereiro registra pior resultado desde 1980"},"content":{"rendered":"<p> A <strong><em>balan\u00e7a comercial<\/em><\/strong> registrou no m\u00eas passado d\u00e9ficit de US$ 2,842 bilh\u00f5es, com exporta\u00e7\u00f5es de US$ 12,092 bilh\u00f5es e importa\u00e7\u00f5es de US$ 14,934 bilh\u00f5es. \u00c9 o pior resultado da s\u00e9rie hist\u00f3rica, iniciada em 1980, para o m\u00eas. Em fevereiro deste ano, houve 18 dias \u00fateis ante os 20 do mesmo m\u00eas de 2014, quando o carnaval ocorreu em mar\u00e7o.<\/p>\n<p> Nos dois primeiros meses do ano, a balan\u00e7a comercial brasileira acumula d\u00e9ficit de US$ 6,016 bilh\u00f5es, com exporta\u00e7\u00f5es de US$ 25,796 bilh\u00f5es e importa\u00e7\u00f5es de US$ 31,812 bilh\u00f5es. No mesmo per\u00edodo do ano passado, o d\u00e9ficit chegou a US$ 6,19 bilh\u00f5es. Os n\u00fameros foram divulgados pelo Minist\u00e9rio do Desenvolvimento, Ind\u00fastria e Com\u00e9rcio Exterior (MDIC).<\/p>\n<p>O n\u00famero de dias \u00fateis, no acumulado do ano, chegou a 39. No mesmo per\u00edodo de 2014, foram 42 dias \u00fateis. Com isso, o saldo m\u00e9dio por dia \u00fatil, no acumulado do ano, ficou deficit\u00e1rio em US$ 154,3 milh\u00f5es. Em 2014, o resultado negativo alcan\u00e7ou US$ 147,5 milh\u00f5es.<\/p>\n<p>Da Ag\u00eancia Brasil<br \/>\nEdi\u00e7\u00e3o: Armando Cardoso<br \/>\nBalan\u00e7a comercial de fevereiro registra pior resultado desde 1980<\/p>\n","protected":false},"excerpt":{"rendered":"<p>A balan\u00e7a comercial registrou no m\u00eas passado d\u00e9ficit de US$ 2,842 bilh\u00f5es, com exporta\u00e7\u00f5es de US$ 12,092 bilh\u00f5es e importa\u00e7\u00f5es de US$ 14,934 bilh\u00f5es. \u00c9 o pior resultado da s\u00e9rie hist\u00f3rica, iniciada em 1980, para o m\u00eas. Em fevereiro deste ano, houve 18 dias \u00fateis ante os 20 do mesmo m\u00eas de 2014, quando o [&hellip;]<\/p>\n","protected":false},"author":2,"featured_media":57585,"comment_status":"open","ping_status":"closed","sticky":false,"template":"","format":"standard","meta":{"_genesis_hide_title":false,"_genesis_hide_breadcrumbs":false,"_genesis_hide_singular_image":false,"_genesis_hide_footer_widgets":false,"_genesis_custom_body_class":"","_genesis_custom_post_class":"","_genesis_layout":"","_jetpack_memberships_contains_paid_content":false,"footnotes":""},"categories":[22,7],"tags":[],"class_list":{"0":"post-67212","1":"post","2":"type-post","3":"status-publish","4":"format-standard","5":"has-post-thumbnail","7":"category-brasil","8":"category-economia","9":"entry","10":"gs-1","11":"gs-odd","12":"gs-even","13":"gs-featured-content-entry"},"jetpack_featured_media_url":"https:\/\/www.redenoticia.com.br\/noticia\/imagens\/analise-economia.jpg","jetpack_sharing_enabled":true,"jetpack_likes_enabled":true,"_links":{"self":[{"href":"https:\/\/www.redenoticia.com.br\/noticia\/wp-json\/wp\/v2\/posts\/67212","targetHints":{"allow":["GET"]}}],"collection":[{"href":"https:\/\/www.redenoticia.com.br\/noticia\/wp-json\/wp\/v2\/posts"}],"about":[{"href":"https:\/\/www.redenoticia.com.br\/noticia\/wp-json\/wp\/v2\/types\/post"}],"author":[{"embeddable":true,"href":"https:\/\/www.redenoticia.com.br\/noticia\/wp-json\/wp\/v2\/users\/2"}],"replies":[{"embeddable":true,"href":"https:\/\/www.redenoticia.com.br\/noticia\/wp-json\/wp\/v2\/comments?post=67212"}],"version-history":[{"count":0,"href":"https:\/\/www.redenoticia.com.br\/noticia\/wp-json\/wp\/v2\/posts\/67212\/revisions"}],"wp:featuredmedia":[{"embeddable":true,"href":"https:\/\/www.redenoticia.com.br\/noticia\/wp-json\/wp\/v2\/media\/57585"}],"wp:attachment":[{"href":"https:\/\/www.redenoticia.com.br\/noticia\/wp-json\/wp\/v2\/media?parent=67212"}],"wp:term":[{"taxonomy":"category","embeddable":true,"href":"https:\/\/www.redenoticia.com.br\/noticia\/wp-json\/wp\/v2\/categories?post=67212"},{"taxonomy":"post_tag","embeddable":true,"href":"https:\/\/www.redenoticia.com.br\/noticia\/wp-json\/wp\/v2\/tags?post=67212"}],"curies":[{"name":"wp","href":"https:\/\/api.w.org\/{rel}","templated":true}]}}