{"id":67210,"date":"2015-03-03T16:15:33","date_gmt":"2015-03-03T19:15:33","guid":{"rendered":"http:\/\/www.redenoticia.com.br\/noticia\/?p=67210"},"modified":"2015-03-03T16:15:33","modified_gmt":"2015-03-03T19:15:33","slug":"fazenda-sp-devolve-r-25-milhoes-de-ipva-a-proprietarios-de-veiculos-roubados","status":"publish","type":"post","link":"https:\/\/www.redenoticia.com.br\/noticia\/2015\/fazenda-sp-devolve-r-25-milhoes-de-ipva-a-proprietarios-de-veiculos-roubados\/67210","title":{"rendered":"Fazenda SP devolve R$ 25 milh\u00f5es de IPVA a propriet\u00e1rios de ve\u00edculos roubados"},"content":{"rendered":"<p>A Secretaria da Fazenda SP vai devolver R$ 25.012.208,27 a propriet\u00e1rios que tiveram seus ve\u00edculos roubados ou furtados em 2014 no Estado de S\u00e3o Paulo.\u00a0O reembolso \u00e9 referente \u00e0 restitui\u00e7\u00e3o proporcional do <em><strong>IPVA<\/strong><\/em> e beneficia os propriet\u00e1rios que haviam pago o imposto quando ocorreu o crime. O primeiro lote ser\u00e1 liberado nesta quarta, 4.<\/p>\n<p>O reembolso \u00e9 autom\u00e1tico, pois os sistemas da Secretaria de Seguran\u00e7a P\u00fablica e do Detran est\u00e3o integrados ao da Fazenda. Portanto, n\u00e3o \u00e9 necess\u00e1ria nenhuma solicita\u00e7\u00e3o por parte do contribuinte que tiver direito. No total ser\u00e3o creditadas diferen\u00e7as relativas a 69.837 ve\u00edculos,\u00a0distribu\u00eddas em quatro lotes liberados nos meses de mar\u00e7o e abril.<\/p>\n<p>Os valores ficar\u00e3o \u00e0 disposi\u00e7\u00e3o do propriet\u00e1rio no Banco do Brasil durante dois anos. Ap\u00f3s esse prazo, a restitui\u00e7\u00e3o dever\u00e1 ser solicitada na . O contribuinte que estiver inadimplente n\u00e3o poder\u00e1 resgatar o valor enquanto houver a pend\u00eancia, como por exemplo d\u00e9bitos de IPVA de outro ve\u00edculo de sua propriedade.<\/p>\n<p>.<\/p>\n<p>Do Portal do Governo do Estado<\/p>\n","protected":false},"excerpt":{"rendered":"<p>A Secretaria da Fazenda SP vai devolver R$ 25.012.208,27 a propriet\u00e1rios que tiveram seus ve\u00edculos roubados ou furtados em 2014 no Estado de S\u00e3o Paulo.\u00a0O reembolso \u00e9 referente \u00e0 restitui\u00e7\u00e3o proporcional do IPVA e beneficia os propriet\u00e1rios que haviam pago o imposto quando ocorreu o crime. O primeiro lote ser\u00e1 liberado nesta quarta, 4. O [&hellip;]<\/p>\n","protected":false},"author":2,"featured_media":26192,"comment_status":"open","ping_status":"closed","sticky":false,"template":"","format":"standard","meta":{"_genesis_hide_title":false,"_genesis_hide_breadcrumbs":false,"_genesis_hide_singular_image":false,"_genesis_hide_footer_widgets":false,"_genesis_custom_body_class":"","_genesis_custom_post_class":"","_genesis_layout":"","_jetpack_memberships_contains_paid_content":false,"footnotes":""},"categories":[22],"tags":[],"class_list":{"0":"post-67210","1":"post","2":"type-post","3":"status-publish","4":"format-standard","5":"has-post-thumbnail","7":"category-brasil","8":"entry","9":"gs-1","10":"gs-odd","11":"gs-even","12":"gs-featured-content-entry"},"jetpack_featured_media_url":"https:\/\/www.redenoticia.com.br\/noticia\/imagens\/ipva-sp-restituicao.jpg","jetpack_sharing_enabled":true,"jetpack_likes_enabled":true,"_links":{"self":[{"href":"https:\/\/www.redenoticia.com.br\/noticia\/wp-json\/wp\/v2\/posts\/67210","targetHints":{"allow":["GET"]}}],"collection":[{"href":"https:\/\/www.redenoticia.com.br\/noticia\/wp-json\/wp\/v2\/posts"}],"about":[{"href":"https:\/\/www.redenoticia.com.br\/noticia\/wp-json\/wp\/v2\/types\/post"}],"author":[{"embeddable":true,"href":"https:\/\/www.redenoticia.com.br\/noticia\/wp-json\/wp\/v2\/users\/2"}],"replies":[{"embeddable":true,"href":"https:\/\/www.redenoticia.com.br\/noticia\/wp-json\/wp\/v2\/comments?post=67210"}],"version-history":[{"count":0,"href":"https:\/\/www.redenoticia.com.br\/noticia\/wp-json\/wp\/v2\/posts\/67210\/revisions"}],"wp:featuredmedia":[{"embeddable":true,"href":"https:\/\/www.redenoticia.com.br\/noticia\/wp-json\/wp\/v2\/media\/26192"}],"wp:attachment":[{"href":"https:\/\/www.redenoticia.com.br\/noticia\/wp-json\/wp\/v2\/media?parent=67210"}],"wp:term":[{"taxonomy":"category","embeddable":true,"href":"https:\/\/www.redenoticia.com.br\/noticia\/wp-json\/wp\/v2\/categories?post=67210"},{"taxonomy":"post_tag","embeddable":true,"href":"https:\/\/www.redenoticia.com.br\/noticia\/wp-json\/wp\/v2\/tags?post=67210"}],"curies":[{"name":"wp","href":"https:\/\/api.w.org\/{rel}","templated":true}]}}