{"id":67162,"date":"2015-03-02T15:09:25","date_gmt":"2015-03-02T18:09:25","guid":{"rendered":"http:\/\/www.redenoticia.com.br\/noticia\/?p=67162"},"modified":"2015-03-02T15:09:25","modified_gmt":"2015-03-02T18:09:25","slug":"inflacao-semanal-acumula-alta-de-799-em-12-meses","status":"publish","type":"post","link":"https:\/\/www.redenoticia.com.br\/noticia\/2015\/inflacao-semanal-acumula-alta-de-799-em-12-meses\/67162","title":{"rendered":"Infla\u00e7\u00e3o semanal acumula alta de 7,99% em 12 meses"},"content":{"rendered":"<p> O <strong><em>\u00cdndice de Pre\u00e7os ao Consumidor Semanal<\/em><\/strong> (IPC-S) encerrou a \u00faltima semana de fevereiro em alta de 0,97%, o que representa queda de 0,11 ponto percentual em rela\u00e7\u00e3o ao registrado na semana anterior (1,08%). No acumulado do ano, a varia\u00e7\u00e3o est\u00e1 em 2,71% e, nos \u00faltimos 12 meses, 7,99%.<\/p>\n<p>Os dados referem-se \u00e0 coleta de pre\u00e7os feita pelo Instituto Brasileiro de Economia da Funda\u00e7\u00e3o Getulio Vargas (Ibre-FGV), no per\u00edodo de 1\u00ba a 28 de fevereiro em compara\u00e7\u00e3o a todo o m\u00eas de janeiro. A redu\u00e7\u00e3o na intensidade de aumento reflete, principalmente, a varia\u00e7\u00e3o de pre\u00e7os no grupo alimenta\u00e7\u00e3o, que passou de 0,95% para 0,77%. As refei\u00e7\u00f5es em restaurantes est\u00e3o subindo mais devagar, e o \u00edndice passou de 1,32% para 1,1%.<\/p>\n<p>Al\u00e9m dessas, mais quatro classes de despesas apresentaram decr\u00e9scimos: habita\u00e7\u00e3o (de 1,11% para 0,90%); educa\u00e7\u00e3o, leitura e recrea\u00e7\u00e3o (de 0,58% para -0,02%); comunica\u00e7\u00e3o (de 0,32% para 0,27%) e despesas diversas (de 1,43% para 1,16%).<\/p>\n<p>Nos demais grupos, ocorreram avan\u00e7os: sa\u00fade e cuidados pessoais (de 0,37% para 0,63%), transportes (de 2,46% para 2,52%) e vestu\u00e1rio (de -0,02% para 0,11%).<\/p>\n<p>Os itens que mais pressionaram a infla\u00e7\u00e3o no per\u00edodo foram: gasolina (8,35%); refei\u00e7\u00f5es em bares e restaurantes (1,1%); aluguel residencial (1,10%); etanol (5,28%) e autom\u00f3vel novo (1,19%).<\/p>\n<p>J\u00e1 os que contribu\u00edram para o decr\u00e9scimo do IPC-S foram passagem a\u00e9rea ( -19,76%), leite tipo longa vida (-3,82%), batata-inglesa (-7,36%), frango em peda\u00e7os (-1,58%) e protetores para a pele (-1,64%).<\/p>\n<p>Marli Moreira \u2013 Rep\u00f3rter da Ag\u00eancia Brasil<br \/>\nEdi\u00e7\u00e3o: Denise Griesinger<\/p>\n","protected":false},"excerpt":{"rendered":"<p>O \u00cdndice de Pre\u00e7os ao Consumidor Semanal (IPC-S) encerrou a \u00faltima semana de fevereiro em alta de 0,97%, o que representa queda de 0,11 ponto percentual em rela\u00e7\u00e3o ao registrado na semana anterior (1,08%). No acumulado do ano, a varia\u00e7\u00e3o est\u00e1 em 2,71% e, nos \u00faltimos 12 meses, 7,99%. Os dados referem-se \u00e0 coleta de [&hellip;]<\/p>\n","protected":false},"author":2,"featured_media":57584,"comment_status":"open","ping_status":"closed","sticky":false,"template":"","format":"standard","meta":{"_genesis_hide_title":false,"_genesis_hide_breadcrumbs":false,"_genesis_hide_singular_image":false,"_genesis_hide_footer_widgets":false,"_genesis_custom_body_class":"","_genesis_custom_post_class":"","_genesis_layout":"","_jetpack_memberships_contains_paid_content":false,"footnotes":""},"categories":[22,7],"tags":[],"class_list":{"0":"post-67162","1":"post","2":"type-post","3":"status-publish","4":"format-standard","5":"has-post-thumbnail","7":"category-brasil","8":"category-economia","9":"entry","10":"gs-1","11":"gs-odd","12":"gs-even","13":"gs-featured-content-entry"},"jetpack_featured_media_url":"https:\/\/www.redenoticia.com.br\/noticia\/imagens\/economia-grafica-analise-inflacao.jpg","jetpack_sharing_enabled":true,"jetpack_likes_enabled":true,"_links":{"self":[{"href":"https:\/\/www.redenoticia.com.br\/noticia\/wp-json\/wp\/v2\/posts\/67162","targetHints":{"allow":["GET"]}}],"collection":[{"href":"https:\/\/www.redenoticia.com.br\/noticia\/wp-json\/wp\/v2\/posts"}],"about":[{"href":"https:\/\/www.redenoticia.com.br\/noticia\/wp-json\/wp\/v2\/types\/post"}],"author":[{"embeddable":true,"href":"https:\/\/www.redenoticia.com.br\/noticia\/wp-json\/wp\/v2\/users\/2"}],"replies":[{"embeddable":true,"href":"https:\/\/www.redenoticia.com.br\/noticia\/wp-json\/wp\/v2\/comments?post=67162"}],"version-history":[{"count":0,"href":"https:\/\/www.redenoticia.com.br\/noticia\/wp-json\/wp\/v2\/posts\/67162\/revisions"}],"wp:featuredmedia":[{"embeddable":true,"href":"https:\/\/www.redenoticia.com.br\/noticia\/wp-json\/wp\/v2\/media\/57584"}],"wp:attachment":[{"href":"https:\/\/www.redenoticia.com.br\/noticia\/wp-json\/wp\/v2\/media?parent=67162"}],"wp:term":[{"taxonomy":"category","embeddable":true,"href":"https:\/\/www.redenoticia.com.br\/noticia\/wp-json\/wp\/v2\/categories?post=67162"},{"taxonomy":"post_tag","embeddable":true,"href":"https:\/\/www.redenoticia.com.br\/noticia\/wp-json\/wp\/v2\/tags?post=67162"}],"curies":[{"name":"wp","href":"https:\/\/api.w.org\/{rel}","templated":true}]}}