{"id":67160,"date":"2015-03-02T15:06:12","date_gmt":"2015-03-02T18:06:12","guid":{"rendered":"http:\/\/www.redenoticia.com.br\/noticia\/?p=67160"},"modified":"2015-03-02T15:06:12","modified_gmt":"2015-03-02T18:06:12","slug":"mercado-preve-selic-de-13-ao-ano-em-2015","status":"publish","type":"post","link":"https:\/\/www.redenoticia.com.br\/noticia\/2015\/mercado-preve-selic-de-13-ao-ano-em-2015\/67160","title":{"rendered":"Mercado prev\u00ea Selic de 13% ao ano em 2015"},"content":{"rendered":"<p> Em semana de reuni\u00e3o do Comit\u00ea de Pol\u00edtica Monet\u00e1ria (Copom) do Banco Central (BC), os investidores e analistas do mercado financeiro aumentaram a expectativa de fechamento da <strong><em>Selic<\/em><\/strong>, taxa b\u00e1sica de juros da economia, para 2015. O mercado espera que a Selic chegue a 13% ao ano, o que implica aumento at\u00e9 o fim do ano de 0,75 ponto percentual em rela\u00e7\u00e3o ao patamar atual, de 12,25%. A proje\u00e7\u00e3o anterior era que a taxa encerraria os doze meses em 12,75% ao ano.<\/p>\n<p>A estimativa para a Selic est\u00e1 no boletim Focus, pesquisa feita com institui\u00e7\u00f5es banc\u00e1rias e divulgada semanalmente pelo BC. O Copom se re\u00fane ter\u00e7a (3) e quarta-feira (4) com o objetivo de definir a taxa b\u00e1sica para os pr\u00f3ximos 45 dias. Os analistas do mercado tamb\u00e9m voltaram a elevar a proje\u00e7\u00e3o para a infla\u00e7\u00e3o medida pelo \u00cdndice de Pre\u00e7os ao Consumidor Amplo (IPCA), de 7,33% para 7,47%. O valor continua acima do teto da meta da equipe econ\u00f4mica para a infla\u00e7\u00e3o, que \u00e9 6,5%.<\/p>\n<p>A previs\u00e3o para os pre\u00e7os administrados, que s\u00e3o os regulados pelo governo, passou de 10,4% para 11%. Com rela\u00e7\u00e3o ao Produto Interno Bruto (PIB, soma dos bens e servi\u00e7os produzidos por um pa\u00eds), a proje\u00e7\u00e3o \u00e9 que a economia tenha retra\u00e7\u00e3o de 0,58% contra 0,5% anteriormente. No caso da produ\u00e7\u00e3o industrial, \u00e9 esperado recuo de 0,72%, contra 0,35% na semana passada.<\/p>\n<p>A proje\u00e7\u00e3o de c\u00e2mbio passou de R$ 2,90 para R$ 2,91. A estimativa da d\u00edvida l\u00edquida do setor saiu de 37,9% para 38,2% do PIB. A proje\u00e7\u00e3o do d\u00e9ficit em conta-corrente, que mede a qualidade das contas externas, ficou em US$ 79,1 bilh\u00f5es contra US$ 78,4 bilh\u00f5es anteriormente. O saldo projetado para a balan\u00e7a comercial aumentou, passando de US$ 4,4 bilh\u00f5es para US$ 5 bilh\u00f5es. Os investimentos estrangeiros estimados permaneceram em US$ 60 bilh\u00f5es.<\/p>\n<p>Mariana Branco &#8211; Rep\u00f3rter da Ag\u00eancia Brasil<br \/>\nEdi\u00e7\u00e3o: Jos\u00e9 Romildo<\/p>\n","protected":false},"excerpt":{"rendered":"<p>Em semana de reuni\u00e3o do Comit\u00ea de Pol\u00edtica Monet\u00e1ria (Copom) do Banco Central (BC), os investidores e analistas do mercado financeiro aumentaram a expectativa de fechamento da Selic, taxa b\u00e1sica de juros da economia, para 2015. O mercado espera que a Selic chegue a 13% ao ano, o que implica aumento at\u00e9 o fim do [&hellip;]<\/p>\n","protected":false},"author":2,"featured_media":57583,"comment_status":"open","ping_status":"closed","sticky":false,"template":"","format":"standard","meta":{"_genesis_hide_title":false,"_genesis_hide_breadcrumbs":false,"_genesis_hide_singular_image":false,"_genesis_hide_footer_widgets":false,"_genesis_custom_body_class":"","_genesis_custom_post_class":"","_genesis_layout":"","_jetpack_memberships_contains_paid_content":false,"footnotes":""},"categories":[22,7],"tags":[],"class_list":{"0":"post-67160","1":"post","2":"type-post","3":"status-publish","4":"format-standard","5":"has-post-thumbnail","7":"category-brasil","8":"category-economia","9":"entry","10":"gs-1","11":"gs-odd","12":"gs-even","13":"gs-featured-content-entry"},"jetpack_featured_media_url":"https:\/\/www.redenoticia.com.br\/noticia\/imagens\/economia-grafico.jpg","jetpack_sharing_enabled":true,"jetpack_likes_enabled":true,"_links":{"self":[{"href":"https:\/\/www.redenoticia.com.br\/noticia\/wp-json\/wp\/v2\/posts\/67160","targetHints":{"allow":["GET"]}}],"collection":[{"href":"https:\/\/www.redenoticia.com.br\/noticia\/wp-json\/wp\/v2\/posts"}],"about":[{"href":"https:\/\/www.redenoticia.com.br\/noticia\/wp-json\/wp\/v2\/types\/post"}],"author":[{"embeddable":true,"href":"https:\/\/www.redenoticia.com.br\/noticia\/wp-json\/wp\/v2\/users\/2"}],"replies":[{"embeddable":true,"href":"https:\/\/www.redenoticia.com.br\/noticia\/wp-json\/wp\/v2\/comments?post=67160"}],"version-history":[{"count":0,"href":"https:\/\/www.redenoticia.com.br\/noticia\/wp-json\/wp\/v2\/posts\/67160\/revisions"}],"wp:featuredmedia":[{"embeddable":true,"href":"https:\/\/www.redenoticia.com.br\/noticia\/wp-json\/wp\/v2\/media\/57583"}],"wp:attachment":[{"href":"https:\/\/www.redenoticia.com.br\/noticia\/wp-json\/wp\/v2\/media?parent=67160"}],"wp:term":[{"taxonomy":"category","embeddable":true,"href":"https:\/\/www.redenoticia.com.br\/noticia\/wp-json\/wp\/v2\/categories?post=67160"},{"taxonomy":"post_tag","embeddable":true,"href":"https:\/\/www.redenoticia.com.br\/noticia\/wp-json\/wp\/v2\/tags?post=67160"}],"curies":[{"name":"wp","href":"https:\/\/api.w.org\/{rel}","templated":true}]}}