{"id":67158,"date":"2015-03-02T15:01:59","date_gmt":"2015-03-02T18:01:59","guid":{"rendered":"http:\/\/www.redenoticia.com.br\/noticia\/?p=67158"},"modified":"2015-03-02T15:01:59","modified_gmt":"2015-03-02T18:01:59","slug":"confianca-de-servicos-tem-recorde-negativo-em-fevereiro-mostra-fgv","status":"publish","type":"post","link":"https:\/\/www.redenoticia.com.br\/noticia\/2015\/confianca-de-servicos-tem-recorde-negativo-em-fevereiro-mostra-fgv\/67158","title":{"rendered":"Confian\u00e7a de servi\u00e7os tem recorde negativo em fevereiro, mostra FGV"},"content":{"rendered":"<p> O <strong><em>\u00edndice de Confian\u00e7a de Servi\u00e7os<\/em><\/strong> (ICS) voltou a cair em fevereiro recuando 5,4% em rela\u00e7\u00e3o a mar\u00e7o, depois de ter fechado o m\u00eas de janeiro com recuo de 2% em rela\u00e7\u00e3o a dezembro do ano passado. Com a segunda queda consecutiva na s\u00e9rie com ajuste sazonal, o ICS passou de 99,1 para 93,7 pontos, registrando o menor n\u00edvel da s\u00e9rie iniciada em junho de 2008.<\/p>\n<p>O \u00edndice foi divulgado pelo Instituto Brasileiro de Economia (Ibre) da Funda\u00e7\u00e3o Getulio Vargas (FGV). A pesquisa indica que o movimento negativo do ICS em fevereiro alcan\u00e7ou dez das 12 atividades e foi determinado tanto pelas avalia\u00e7\u00f5es sobre o momento presente quanto pelas expectativas em rela\u00e7\u00e3o aos meses seguintes.<\/p>\n<p>Ap\u00f3s aumentar 5,5% em janeiro em rela\u00e7\u00e3o a dezembro do ano passado, o \u00cdndice de Situa\u00e7\u00e3o Atual apresentou em fevereiro queda de 6,9%; enquanto o \u00cdndice de Expectativas, que j\u00e1 havia fechado janeiro com queda de 6,6%, voltou a cair 4,5% em fevereiro frente a janeiro.<\/p>\n<p>Para o consultor do Ibre Silvio Sales, o resultado de fevereiro retrata um setor \u201cem cont\u00ednua desacelera\u00e7\u00e3o\u201d, inserido em um contexto em que a demanda reflete efeitos da infla\u00e7\u00e3o elevada e da queda da confian\u00e7a do consumidor.<\/p>\n<p>\u201cFevereiro marca um novo recorde negativo na curva de confian\u00e7a do setor de servi\u00e7os. As empresas t\u00eam avalia\u00e7\u00f5es desfavor\u00e1veis quanto \u00e0 demanda atual e nos pr\u00f3ximos tr\u00eas meses e sobre a situa\u00e7\u00e3o atual e futura dos neg\u00f3cios, que atingem de modo generalizado os segmentos pesquisados neste in\u00edcio de ano. O resultado retrata um setor em cont\u00ednua desacelera\u00e7\u00e3o, com a demanda refletindo os efeitos da infla\u00e7\u00e3o elevada\u201d, disse.<\/p>\n<p>O estudo indica que a piora do \u00cdndice de Situa\u00e7\u00e3o Atual de janeiro para fevereiro foi determinada pela redu\u00e7\u00e3o de 8,2% do indicador de Volume de Demanda Atual e de 5,7% do indicador de Situa\u00e7\u00e3o Atual dos Neg\u00f3cios. \u201cA propor\u00e7\u00e3o de empresas que avaliam o volume de demanda atual como forte diminuiu de 11,4% para 8,8% e a parcela das que o avaliam como fraco passou de 32,4% para 36,3%\u201d, informou o Ibre.<\/p>\n<p>A queda de 5,1% no indicador de Tend\u00eancia de Neg\u00f3cios e de 3,9% no Indicador de Demanda Prevista levou \u00e0 redu\u00e7\u00e3o de 4,5% do \u00cdndice de Expectativa do setor, de janeiro para fevereiro. \u201cA propor\u00e7\u00e3o de empresas esperando melhora da tend\u00eancia dos neg\u00f3cios passou de 30,8% para 29,3% do total; enquanto a parcela das que esperam piora aumentou de 14,1% para 18,5%\u201d, mostra o documento.<\/p>\n<p>Nielmar de Oliveira &#8211; Rep\u00f3rter da Ag\u00eancia Brasil<br \/>\nEdi\u00e7\u00e3o: Val\u00e9ria Aguiar<\/p>\n","protected":false},"excerpt":{"rendered":"<p>O \u00edndice de Confian\u00e7a de Servi\u00e7os (ICS) voltou a cair em fevereiro recuando 5,4% em rela\u00e7\u00e3o a mar\u00e7o, depois de ter fechado o m\u00eas de janeiro com recuo de 2% em rela\u00e7\u00e3o a dezembro do ano passado. Com a segunda queda consecutiva na s\u00e9rie com ajuste sazonal, o ICS passou de 99,1 para 93,7 pontos, [&hellip;]<\/p>\n","protected":false},"author":2,"featured_media":40517,"comment_status":"open","ping_status":"closed","sticky":false,"template":"","format":"standard","meta":{"_genesis_hide_title":false,"_genesis_hide_breadcrumbs":false,"_genesis_hide_singular_image":false,"_genesis_hide_footer_widgets":false,"_genesis_custom_body_class":"","_genesis_custom_post_class":"","_genesis_layout":"","_jetpack_memberships_contains_paid_content":false,"footnotes":""},"categories":[22,7],"tags":[],"class_list":{"0":"post-67158","1":"post","2":"type-post","3":"status-publish","4":"format-standard","5":"has-post-thumbnail","7":"category-brasil","8":"category-economia","9":"entry","10":"gs-1","11":"gs-odd","12":"gs-even","13":"gs-featured-content-entry"},"jetpack_featured_media_url":"https:\/\/www.redenoticia.com.br\/noticia\/imagens\/economia-previsao.jpg","jetpack_sharing_enabled":true,"jetpack_likes_enabled":true,"_links":{"self":[{"href":"https:\/\/www.redenoticia.com.br\/noticia\/wp-json\/wp\/v2\/posts\/67158","targetHints":{"allow":["GET"]}}],"collection":[{"href":"https:\/\/www.redenoticia.com.br\/noticia\/wp-json\/wp\/v2\/posts"}],"about":[{"href":"https:\/\/www.redenoticia.com.br\/noticia\/wp-json\/wp\/v2\/types\/post"}],"author":[{"embeddable":true,"href":"https:\/\/www.redenoticia.com.br\/noticia\/wp-json\/wp\/v2\/users\/2"}],"replies":[{"embeddable":true,"href":"https:\/\/www.redenoticia.com.br\/noticia\/wp-json\/wp\/v2\/comments?post=67158"}],"version-history":[{"count":0,"href":"https:\/\/www.redenoticia.com.br\/noticia\/wp-json\/wp\/v2\/posts\/67158\/revisions"}],"wp:featuredmedia":[{"embeddable":true,"href":"https:\/\/www.redenoticia.com.br\/noticia\/wp-json\/wp\/v2\/media\/40517"}],"wp:attachment":[{"href":"https:\/\/www.redenoticia.com.br\/noticia\/wp-json\/wp\/v2\/media?parent=67158"}],"wp:term":[{"taxonomy":"category","embeddable":true,"href":"https:\/\/www.redenoticia.com.br\/noticia\/wp-json\/wp\/v2\/categories?post=67158"},{"taxonomy":"post_tag","embeddable":true,"href":"https:\/\/www.redenoticia.com.br\/noticia\/wp-json\/wp\/v2\/tags?post=67158"}],"curies":[{"name":"wp","href":"https:\/\/api.w.org\/{rel}","templated":true}]}}