{"id":67156,"date":"2015-03-02T14:57:33","date_gmt":"2015-03-02T17:57:33","guid":{"rendered":"http:\/\/www.redenoticia.com.br\/noticia\/?p=67156"},"modified":"2015-03-02T14:57:33","modified_gmt":"2015-03-02T17:57:33","slug":"receita-admite-lentidao-no-inicio-do-prazo-para-entrega-do-imposto-de-renda","status":"publish","type":"post","link":"https:\/\/www.redenoticia.com.br\/noticia\/2015\/receita-admite-lentidao-no-inicio-do-prazo-para-entrega-do-imposto-de-renda\/67156","title":{"rendered":"Receita admite lentid\u00e3o no in\u00edcio do prazo para entrega do Imposto de Renda"},"content":{"rendered":"<p>A Receita Federal admitiu que no in\u00edcio do prazo para a entrega das <em><strong>declara\u00e7\u00f5es do Imposto de Renda<\/strong><\/em> Pessoas F\u00edsicas (IRPF) 2015 houve lentid\u00e3o no . O motivo, informou o supervisor do Imposto de Renda, Joaquim Adir, por meio da assessoria de imprensa da Receita, foi o fato de um n\u00famero elevado de contribuintes ter acessado a p\u00e1gina para fazer odownload do programa do imposto de renda. O problema, segundo ele, j\u00e1 n\u00e3o existe.<\/p>\n<p>Como o programa \u00e9 livre, a tend\u00eancia \u00e9 que, como em todos os anos, v\u00e1rios portais disponibilizem-no ao longo do dia. O internauta deve levar em considera\u00e7\u00e3o tamb\u00e9m a velocidade de conex\u00e3o de seu servi\u00e7o de internet.<\/p>\n<p>O prazo para entrega da declara\u00e7\u00e3o do  2015,\u00a0 que come\u00e7ou hoje, vai at\u00e9 o dia 30 de abril. Quanto antes o contribuinte enviar dos dados corretos \u00e0 Receita, mais cedo receber\u00e1 o valor correspondente \u00e0 restitui\u00e7\u00e3o. T\u00eam prioridade para receber a restitui\u00e7\u00e3o pessoas com mais de 60 anos, contribuintes com defici\u00eancia f\u00edsica ou mental e com doen\u00e7a grave.<\/p>\n<p>Este ano, aproximadamente 27,5 milh\u00f5es de contribuintes devem prestar contas ao Fisco. A multa por atraso de entrega \u00e9 estipulada em 1% ao m\u00eas-calend\u00e1rio at\u00e9 20%. O valor m\u00ednimo \u00e9 R$165,74. Um  com cada etapa da entrega est\u00e1 dispon\u00edvel na p\u00e1gina da Receita. Basta o usu\u00e1rio clicar em cada ponto para obter mais detalhes.<\/p>\n<p>Daniel Lima \u2013 Rep\u00f3rter da Ag\u00eancia Brasil<br \/>\nEdi\u00e7\u00e3o: Denise Griesinger<\/p>\n","protected":false},"excerpt":{"rendered":"<p>A Receita Federal admitiu que no in\u00edcio do prazo para a entrega das declara\u00e7\u00f5es do Imposto de Renda Pessoas F\u00edsicas (IRPF) 2015 houve lentid\u00e3o no . O motivo, informou o supervisor do Imposto de Renda, Joaquim Adir, por meio da assessoria de imprensa da Receita, foi o fato de um n\u00famero elevado de contribuintes ter [&hellip;]<\/p>\n","protected":false},"author":2,"featured_media":23889,"comment_status":"open","ping_status":"closed","sticky":false,"template":"","format":"standard","meta":{"_genesis_hide_title":false,"_genesis_hide_breadcrumbs":false,"_genesis_hide_singular_image":false,"_genesis_hide_footer_widgets":false,"_genesis_custom_body_class":"","_genesis_custom_post_class":"","_genesis_layout":"","_jetpack_memberships_contains_paid_content":false,"footnotes":""},"categories":[22,7],"tags":[],"class_list":{"0":"post-67156","1":"post","2":"type-post","3":"status-publish","4":"format-standard","5":"has-post-thumbnail","7":"category-brasil","8":"category-economia","9":"entry","10":"gs-1","11":"gs-odd","12":"gs-even","13":"gs-featured-content-entry"},"jetpack_featured_media_url":"https:\/\/www.redenoticia.com.br\/noticia\/imagens\/receita-federal-irpf-2010.jpg","jetpack_sharing_enabled":true,"jetpack_likes_enabled":true,"_links":{"self":[{"href":"https:\/\/www.redenoticia.com.br\/noticia\/wp-json\/wp\/v2\/posts\/67156","targetHints":{"allow":["GET"]}}],"collection":[{"href":"https:\/\/www.redenoticia.com.br\/noticia\/wp-json\/wp\/v2\/posts"}],"about":[{"href":"https:\/\/www.redenoticia.com.br\/noticia\/wp-json\/wp\/v2\/types\/post"}],"author":[{"embeddable":true,"href":"https:\/\/www.redenoticia.com.br\/noticia\/wp-json\/wp\/v2\/users\/2"}],"replies":[{"embeddable":true,"href":"https:\/\/www.redenoticia.com.br\/noticia\/wp-json\/wp\/v2\/comments?post=67156"}],"version-history":[{"count":0,"href":"https:\/\/www.redenoticia.com.br\/noticia\/wp-json\/wp\/v2\/posts\/67156\/revisions"}],"wp:featuredmedia":[{"embeddable":true,"href":"https:\/\/www.redenoticia.com.br\/noticia\/wp-json\/wp\/v2\/media\/23889"}],"wp:attachment":[{"href":"https:\/\/www.redenoticia.com.br\/noticia\/wp-json\/wp\/v2\/media?parent=67156"}],"wp:term":[{"taxonomy":"category","embeddable":true,"href":"https:\/\/www.redenoticia.com.br\/noticia\/wp-json\/wp\/v2\/categories?post=67156"},{"taxonomy":"post_tag","embeddable":true,"href":"https:\/\/www.redenoticia.com.br\/noticia\/wp-json\/wp\/v2\/tags?post=67156"}],"curies":[{"name":"wp","href":"https:\/\/api.w.org\/{rel}","templated":true}]}}