{"id":67154,"date":"2015-03-02T14:54:26","date_gmt":"2015-03-02T17:54:26","guid":{"rendered":"http:\/\/www.redenoticia.com.br\/noticia\/?p=67154"},"modified":"2015-03-02T14:54:26","modified_gmt":"2015-03-02T17:54:26","slug":"medidas-que-reduzem-direitos-do-trabalhador-unem-as-centrais-sindicais","status":"publish","type":"post","link":"https:\/\/www.redenoticia.com.br\/noticia\/2015\/medidas-que-reduzem-direitos-do-trabalhador-unem-as-centrais-sindicais\/67154","title":{"rendered":"Medidas que reduzem direitos do trabalhador unem as centrais sindicais"},"content":{"rendered":"<p><strong><em>Medidas que reduzem direitos do trabalhador<\/em><\/strong>: Centrais Sindicais de todo o pa\u00eds se uniram em protestos a favor da revoga\u00e7\u00e3o das Medidas Provis\u00f3rias 664 e 665, que alteram regras do seguro-desemprego, abono salarial, seguro-defeso, pens\u00e3o por morte, aux\u00edlio-doen\u00e7a e aux\u00edlio-reclus\u00e3o. As centrais de pelo menos 13 capitais se uniram e promoveram manifesta\u00e7\u00f5es em frente \u00e0s superintend\u00eancias regionais do trabalho de suas regi\u00f5es.<\/p>\n<p>Em Macei\u00f3, Alagoas, o ato durou tr\u00eas horas e contou com a participa\u00e7\u00e3o de 150 representantes da For\u00e7a Sindical, que entraram no setor de Agendamento do Seguro-Desemprego. \u201cA concentra\u00e7\u00e3o foi pac\u00edfica, inclusive com orienta\u00e7\u00f5es aos trabalhadores que davam entrada no seguro-desemprego.<\/p>\n<p> Presidente da For\u00e7a Sindical da Bahia, Nair Goulart, informou que, em Salvador, a manifesta\u00e7\u00e3o de uma hora e meia teve incluiu representantes de outras centrais sindicais. \u201cEstamos muito preocupados com as medidas, porque os trabalhadores correm o risco de perder direitos, o que \u00e9 crime. A nova lei j\u00e1 est\u00e1 funcionando e isso pode trazer preju\u00edzos para os trabalhadores. Entregamos novamente um documento, refor\u00e7ando nossa preocupa\u00e7\u00e3o\u201d, comentou.<\/p>\n<p>Para Wiliam Roberto Cardoso Arditt, presidente da For\u00e7a Sindical de Sergipe, pelo menos 250 pessoas participaram da mobiliza\u00e7\u00e3o em Aracaju, encerrada ao meio dia. \u201cA popula\u00e7\u00e3o est\u00e1 revoltad\u00edssima com as medidas. Para nosso espanto, 90% das pessoas sabiam das medidas e j\u00e1 entendiam o impacto em suas vidas. Fomos aplaudidos por funcion\u00e1rios e cidad\u00e3os\u201d, acrescentou.<\/p>\n<p>Fl\u00e1via Albuquerque &#8211; Rep\u00f3rter da Ag\u00eancia Brasil<br \/>\nEdi\u00e7\u00e3o: Armando Cardoso<\/p>\n","protected":false},"excerpt":{"rendered":"<p>Medidas que reduzem direitos do trabalhador: Centrais Sindicais de todo o pa\u00eds se uniram em protestos a favor da revoga\u00e7\u00e3o das Medidas Provis\u00f3rias 664 e 665, que alteram regras do seguro-desemprego, abono salarial, seguro-defeso, pens\u00e3o por morte, aux\u00edlio-doen\u00e7a e aux\u00edlio-reclus\u00e3o. As centrais de pelo menos 13 capitais se uniram e promoveram manifesta\u00e7\u00f5es em frente \u00e0s [&hellip;]<\/p>\n","protected":false},"author":2,"featured_media":57585,"comment_status":"open","ping_status":"closed","sticky":false,"template":"","format":"standard","meta":{"_genesis_hide_title":false,"_genesis_hide_breadcrumbs":false,"_genesis_hide_singular_image":false,"_genesis_hide_footer_widgets":false,"_genesis_custom_body_class":"","_genesis_custom_post_class":"","_genesis_layout":"","_jetpack_memberships_contains_paid_content":false,"footnotes":""},"categories":[22],"tags":[],"class_list":{"0":"post-67154","1":"post","2":"type-post","3":"status-publish","4":"format-standard","5":"has-post-thumbnail","7":"category-brasil","8":"entry","9":"gs-1","10":"gs-odd","11":"gs-even","12":"gs-featured-content-entry"},"jetpack_featured_media_url":"https:\/\/www.redenoticia.com.br\/noticia\/imagens\/analise-economia.jpg","jetpack_sharing_enabled":true,"jetpack_likes_enabled":true,"_links":{"self":[{"href":"https:\/\/www.redenoticia.com.br\/noticia\/wp-json\/wp\/v2\/posts\/67154","targetHints":{"allow":["GET"]}}],"collection":[{"href":"https:\/\/www.redenoticia.com.br\/noticia\/wp-json\/wp\/v2\/posts"}],"about":[{"href":"https:\/\/www.redenoticia.com.br\/noticia\/wp-json\/wp\/v2\/types\/post"}],"author":[{"embeddable":true,"href":"https:\/\/www.redenoticia.com.br\/noticia\/wp-json\/wp\/v2\/users\/2"}],"replies":[{"embeddable":true,"href":"https:\/\/www.redenoticia.com.br\/noticia\/wp-json\/wp\/v2\/comments?post=67154"}],"version-history":[{"count":0,"href":"https:\/\/www.redenoticia.com.br\/noticia\/wp-json\/wp\/v2\/posts\/67154\/revisions"}],"wp:featuredmedia":[{"embeddable":true,"href":"https:\/\/www.redenoticia.com.br\/noticia\/wp-json\/wp\/v2\/media\/57585"}],"wp:attachment":[{"href":"https:\/\/www.redenoticia.com.br\/noticia\/wp-json\/wp\/v2\/media?parent=67154"}],"wp:term":[{"taxonomy":"category","embeddable":true,"href":"https:\/\/www.redenoticia.com.br\/noticia\/wp-json\/wp\/v2\/categories?post=67154"},{"taxonomy":"post_tag","embeddable":true,"href":"https:\/\/www.redenoticia.com.br\/noticia\/wp-json\/wp\/v2\/tags?post=67154"}],"curies":[{"name":"wp","href":"https:\/\/api.w.org\/{rel}","templated":true}]}}