{"id":67053,"date":"2015-02-27T21:33:27","date_gmt":"2015-02-28T00:33:27","guid":{"rendered":"http:\/\/www.redenoticia.com.br\/noticia\/?p=67053"},"modified":"2015-02-27T21:33:27","modified_gmt":"2015-02-28T00:33:27","slug":"aneel-aprova-aumento-de-ate-395-para-contas-de-luz-de-58-distribuidoras","status":"publish","type":"post","link":"https:\/\/www.redenoticia.com.br\/noticia\/2015\/aneel-aprova-aumento-de-ate-395-para-contas-de-luz-de-58-distribuidoras\/67053","title":{"rendered":"Aneel aprova aumento de at\u00e9 39,5% para contas de luz de 58 distribuidoras"},"content":{"rendered":"<p> A partir desta segunda-feira (2), a conta de luz vai ficar mais cara para consumidores atendidos por 58 concession\u00e1rias. A revis\u00e3o tarif\u00e1ria extraordin\u00e1ria para essas empresas foi aprovada pela Ag\u00eancia Nacional de Energia El\u00e9trica (Aneel), e a previs\u00e3o \u00e9 de aumento m\u00e9dio de 23,4%.<\/p>\n<p>Os maiores reajustes ser\u00e3o para as distribuidoras AES Sul (39,5%), Bragantina (38,5%), Uhenpal (36,8%) e Copel (36,4%). Os mais baixos ser\u00e3o aplicados para as distribuidoras Celpe (2,2%) e Cosern (2,8%).<\/p>\n<p>A distribuidora CEA, do Amap\u00e1, n\u00e3o pediu a revis\u00e3o tarif\u00e1ria. J\u00e1 as empresas Amazonas Energia (AM), Boa Vista Energia e CERR (RR) n\u00e3o ter\u00e3o revis\u00e3o tarif\u00e1ria porque n\u00e3o participam do rateio da Conta de Desenvolvimento Energ\u00e9tico (CDE) e n\u00e3o est\u00e3o no Sistema Interligado Nacional. A Ampla (RJ) tamb\u00e9m n\u00e3o passou pela revis\u00e3o, porque seu processo tarif\u00e1rio ocorre em 15 de mar\u00e7o, quando todos os efeitos ser\u00e3o considerados.<\/p>\n<p>Os impactos da revis\u00e3o ser\u00e3o diferentes conforme a regi\u00e3o da distribuidora. Para as concession\u00e1rias das regi\u00f5es Sul, Sudeste e Centro-Oeste, o impacto m\u00e9dio ser\u00e1 de 28,7% e, para as distribuidoras que atuam nas regi\u00f5es Norte e Nordeste, de 5,5%. A diferen\u00e7a ocorre principalmente por causa do or\u00e7amento da CDE e da compra de energia proveniente de Itaipu.<\/p>\n<p> Tamb\u00e9m come\u00e7am a valer na semana que vem os novos valores para as bandeiras tarif\u00e1rias, que permitem a cobran\u00e7a de um valor extra na conta de luz, de acordo com o custo de gera\u00e7\u00e3o de energia. Al\u00e9m da revis\u00e3o extraordin\u00e1ria, as distribuidoras passar\u00e3o neste ano pelos reajustes anuais, que variam de acordo com a data de anivers\u00e1rio da concess\u00e3o.<\/p>\n<p>Segundo a Aneel, a revis\u00e3o leva em considera\u00e7\u00e3o diversos fatores, como o or\u00e7amento da CDE deste ano, o aumento dos custos com a compra de energia da Usina de Itaipu &#8211; por causa da falta de chuvas -, o resultado do \u00faltimo leil\u00e3o de ajuste \u2013 que aumentou a exposi\u00e7\u00e3o das distribuidoras ao mercado livre \u2013 e o ingresso de novas cotas de energia hidrel\u00e9trica. \u201cNo ano passado e neste ano, o custo da energia el\u00e9trica tem sido realmente alto, porque o regime hidrol\u00f3gico n\u00e3o est\u00e1 favor\u00e1vel, temos despachado todas as t\u00e9rmicas, que t\u00eam um custo mais alto\u201d, explicou o diretor-geral da Aneel, Romeu Rufino.<\/p>\n<p>A revis\u00e3o extraordin\u00e1ria est\u00e1 prevista nos contratos de concess\u00e3o das distribuidoras e permite que a Aneel revise as tarifas para manter o equil\u00edbrio econ\u00f4mico e financeiro do contrato, quando forem registradas altera\u00e7\u00f5es significativas nos custos da distribuidora, como, por exemplo, modifica\u00e7\u00f5es de tarifas de compra de energia, encargos setoriais e de uso das redes el\u00e9tricas. Na tarde de hoje, a Aneel tamb\u00e9m aprovou o or\u00e7amento da CDE para este ano, que prev\u00ea repasse de R$ 22 bilh\u00f5es para a conta dos consumidores de energia.<\/p>\n<p>Entre dezembro de 2014 e fevereiro de 2015, v\u00e1rias empresas solicitaram a revis\u00e3o extraordin\u00e1ria, por causa da falta de chuvas e da maior necessidade de compra de energia de termel\u00e9tricas, que \u00e9 mais cara.<\/p>\n<p>Sabrina Craide &#8211; Rep\u00f3rter da Ag\u00eancia Brasil<br \/>\nEdi\u00e7\u00e3o: St\u00eanio Ribeiro<\/p>\n","protected":false},"excerpt":{"rendered":"<p>A partir desta segunda-feira (2), a conta de luz vai ficar mais cara para consumidores atendidos por 58 concession\u00e1rias. A revis\u00e3o tarif\u00e1ria extraordin\u00e1ria para essas empresas foi aprovada pela Ag\u00eancia Nacional de Energia El\u00e9trica (Aneel), e a previs\u00e3o \u00e9 de aumento m\u00e9dio de 23,4%. Os maiores reajustes ser\u00e3o para as distribuidoras AES Sul (39,5%), Bragantina [&hellip;]<\/p>\n","protected":false},"author":2,"featured_media":38940,"comment_status":"open","ping_status":"closed","sticky":false,"template":"","format":"standard","meta":{"_genesis_hide_title":false,"_genesis_hide_breadcrumbs":false,"_genesis_hide_singular_image":false,"_genesis_hide_footer_widgets":false,"_genesis_custom_body_class":"","_genesis_custom_post_class":"","_genesis_layout":"","_jetpack_memberships_contains_paid_content":false,"footnotes":""},"categories":[22,7],"tags":[],"class_list":{"0":"post-67053","1":"post","2":"type-post","3":"status-publish","4":"format-standard","5":"has-post-thumbnail","7":"category-brasil","8":"category-economia","9":"entry","10":"gs-1","11":"gs-odd","12":"gs-even","13":"gs-featured-content-entry"},"jetpack_featured_media_url":"https:\/\/www.redenoticia.com.br\/noticia\/imagens\/grafico.jpg","jetpack_sharing_enabled":true,"jetpack_likes_enabled":true,"_links":{"self":[{"href":"https:\/\/www.redenoticia.com.br\/noticia\/wp-json\/wp\/v2\/posts\/67053","targetHints":{"allow":["GET"]}}],"collection":[{"href":"https:\/\/www.redenoticia.com.br\/noticia\/wp-json\/wp\/v2\/posts"}],"about":[{"href":"https:\/\/www.redenoticia.com.br\/noticia\/wp-json\/wp\/v2\/types\/post"}],"author":[{"embeddable":true,"href":"https:\/\/www.redenoticia.com.br\/noticia\/wp-json\/wp\/v2\/users\/2"}],"replies":[{"embeddable":true,"href":"https:\/\/www.redenoticia.com.br\/noticia\/wp-json\/wp\/v2\/comments?post=67053"}],"version-history":[{"count":0,"href":"https:\/\/www.redenoticia.com.br\/noticia\/wp-json\/wp\/v2\/posts\/67053\/revisions"}],"wp:featuredmedia":[{"embeddable":true,"href":"https:\/\/www.redenoticia.com.br\/noticia\/wp-json\/wp\/v2\/media\/38940"}],"wp:attachment":[{"href":"https:\/\/www.redenoticia.com.br\/noticia\/wp-json\/wp\/v2\/media?parent=67053"}],"wp:term":[{"taxonomy":"category","embeddable":true,"href":"https:\/\/www.redenoticia.com.br\/noticia\/wp-json\/wp\/v2\/categories?post=67053"},{"taxonomy":"post_tag","embeddable":true,"href":"https:\/\/www.redenoticia.com.br\/noticia\/wp-json\/wp\/v2\/tags?post=67053"}],"curies":[{"name":"wp","href":"https:\/\/api.w.org\/{rel}","templated":true}]}}