{"id":67049,"date":"2015-02-27T21:28:31","date_gmt":"2015-02-28T00:28:31","guid":{"rendered":"http:\/\/www.redenoticia.com.br\/noticia\/?p=67049"},"modified":"2015-02-27T21:28:31","modified_gmt":"2015-02-28T00:28:31","slug":"ano-comeca-com-queda-da-atividade-da-construcao-civil-mostra-cni","status":"publish","type":"post","link":"https:\/\/www.redenoticia.com.br\/noticia\/2015\/ano-comeca-com-queda-da-atividade-da-construcao-civil-mostra-cni\/67049","title":{"rendered":"Ano come\u00e7a com queda da atividade da constru\u00e7\u00e3o civil, mostra CNI"},"content":{"rendered":"<p> O ano come\u00e7ou com a queda da <strong><em>atividade da constru\u00e7\u00e3o<\/em><\/strong>, na avalia\u00e7\u00e3o da Confedera\u00e7\u00e3o Nacional da Ind\u00fastria (CNI). Conforme dados reunidos pela confedera\u00e7\u00e3o, a queda na atividade no setor se acentuou em janeiro, ampliando a ociosidade, com o \u00edndice de evolu\u00e7\u00e3o recuando de 39,4 pontos para 36,9, de dezembro de 2014 a janeiro de 2015. O n\u00famero de empregados caiu de 39,4 para 37,8 pontos. Os indicadores variam de 0 a 100 pontos e, quando est\u00e3o abaixo dos 50, mostram que a atividade e o emprego ca\u00edram no m\u00eas.<\/p>\n<p> \u201cAs quedas no n\u00edvel de atividade e no n\u00famero de empregados foram as mais intensas e disseminadas pelo segmento industrial desde o in\u00edcio da s\u00e9rie hist\u00f3rica, em janeiro de 2010, e em todos os portes de empresas\u201d, informou a CNI, por meio da publica\u00e7\u00e3o Sondagem Ind\u00fastria da Constru\u00e7\u00e3o. Os n\u00fameros indicam ainda que a utiliza\u00e7\u00e3o da capacidade de opera\u00e7\u00e3o baixou de 63% em dezembro, para 60% em janeiro.<\/p>\n<p>Para os pr\u00f3ximos seis meses, os n\u00fameros demonstram piora nas expectativas dos empres\u00e1rios. Em fevereiro, o indicador de novos empreendimentos e servi\u00e7os teve queda de 47,7 para 44,3 pontos ; o de compras de insumos e mat\u00e9rias-primas recuou de 47,1 para 44,2 pontos e o de n\u00famero de empregados diminuiu de 46,9 para 44,2 pontos.<\/p>\n<p>O \u00edndice de inten\u00e7\u00e3o de investimento teve queda de 4,9 pontos em rela\u00e7\u00e3o a janeiro e ficou em 35,9 pontos em fevereiro, com forte impacto nas perscpectivas das grandes empresas. Nas grandes construtoras, o \u00edndice teve queda de 37,6 para 33,5 pontos.<\/p>\n<p>A pesquisa foi feita de 2 a 12 de fevereiro com 586 empresas, das quais 194 s\u00e3o de pequeno porte, 266 s\u00e3o m\u00e9dias e 126, de grande porte.<\/p>\n<p>Da Ag\u00eancia Brasil<br \/>\nEdi\u00e7\u00e3o: Val\u00e9ria Aguiar<\/p>\n","protected":false},"excerpt":{"rendered":"<p>O ano come\u00e7ou com a queda da atividade da constru\u00e7\u00e3o, na avalia\u00e7\u00e3o da Confedera\u00e7\u00e3o Nacional da Ind\u00fastria (CNI). Conforme dados reunidos pela confedera\u00e7\u00e3o, a queda na atividade no setor se acentuou em janeiro, ampliando a ociosidade, com o \u00edndice de evolu\u00e7\u00e3o recuando de 39,4 pontos para 36,9, de dezembro de 2014 a janeiro de 2015. [&hellip;]<\/p>\n","protected":false},"author":2,"featured_media":40517,"comment_status":"open","ping_status":"closed","sticky":false,"template":"","format":"standard","meta":{"_genesis_hide_title":false,"_genesis_hide_breadcrumbs":false,"_genesis_hide_singular_image":false,"_genesis_hide_footer_widgets":false,"_genesis_custom_body_class":"","_genesis_custom_post_class":"","_genesis_layout":"","_jetpack_memberships_contains_paid_content":false,"footnotes":""},"categories":[22,7],"tags":[],"class_list":{"0":"post-67049","1":"post","2":"type-post","3":"status-publish","4":"format-standard","5":"has-post-thumbnail","7":"category-brasil","8":"category-economia","9":"entry","10":"gs-1","11":"gs-odd","12":"gs-even","13":"gs-featured-content-entry"},"jetpack_featured_media_url":"https:\/\/www.redenoticia.com.br\/noticia\/imagens\/economia-previsao.jpg","jetpack_sharing_enabled":true,"jetpack_likes_enabled":true,"_links":{"self":[{"href":"https:\/\/www.redenoticia.com.br\/noticia\/wp-json\/wp\/v2\/posts\/67049","targetHints":{"allow":["GET"]}}],"collection":[{"href":"https:\/\/www.redenoticia.com.br\/noticia\/wp-json\/wp\/v2\/posts"}],"about":[{"href":"https:\/\/www.redenoticia.com.br\/noticia\/wp-json\/wp\/v2\/types\/post"}],"author":[{"embeddable":true,"href":"https:\/\/www.redenoticia.com.br\/noticia\/wp-json\/wp\/v2\/users\/2"}],"replies":[{"embeddable":true,"href":"https:\/\/www.redenoticia.com.br\/noticia\/wp-json\/wp\/v2\/comments?post=67049"}],"version-history":[{"count":0,"href":"https:\/\/www.redenoticia.com.br\/noticia\/wp-json\/wp\/v2\/posts\/67049\/revisions"}],"wp:featuredmedia":[{"embeddable":true,"href":"https:\/\/www.redenoticia.com.br\/noticia\/wp-json\/wp\/v2\/media\/40517"}],"wp:attachment":[{"href":"https:\/\/www.redenoticia.com.br\/noticia\/wp-json\/wp\/v2\/media?parent=67049"}],"wp:term":[{"taxonomy":"category","embeddable":true,"href":"https:\/\/www.redenoticia.com.br\/noticia\/wp-json\/wp\/v2\/categories?post=67049"},{"taxonomy":"post_tag","embeddable":true,"href":"https:\/\/www.redenoticia.com.br\/noticia\/wp-json\/wp\/v2\/tags?post=67049"}],"curies":[{"name":"wp","href":"https:\/\/api.w.org\/{rel}","templated":true}]}}