{"id":67047,"date":"2015-02-27T21:26:04","date_gmt":"2015-02-28T00:26:04","guid":{"rendered":"http:\/\/www.redenoticia.com.br\/noticia\/?p=67047"},"modified":"2015-02-27T21:26:04","modified_gmt":"2015-02-28T00:26:04","slug":"ons-preve-para-marco-chuva-abaixo-da-media-no-sudeste-e-centro-oeste","status":"publish","type":"post","link":"https:\/\/www.redenoticia.com.br\/noticia\/2015\/ons-preve-para-marco-chuva-abaixo-da-media-no-sudeste-e-centro-oeste\/67047","title":{"rendered":"ONS prev\u00ea para mar\u00e7o chuva abaixo da m\u00e9dia no Sudeste e Centro-Oeste"},"content":{"rendered":"<p> As an\u00e1lises preliminares do Operador Nacional do Sistema El\u00e9trico (ONS) indicam que o m\u00eas de mar\u00e7o repetir\u00e1 o in\u00edcio do ano, uma vez que a previs\u00e3o \u00e9 que ocorra <strong><em>chuva com volumes abaixo da m\u00e9dia<\/em><\/strong> hist\u00f3rica para as regi\u00f5es Sudeste e Centro-Oeste.<\/p>\n<p>A Energia Natural Afluente (ENA) no Sudeste dever\u00e1 ficar em 66% da m\u00e9dia hist\u00f3rica para a primeira semana de mar\u00e7o e encerrar o m\u00eas com volumes em 69% da m\u00e9dia hist\u00f3rica. No Sul, regi\u00e3o geralmente caracterizada por per\u00edodos de chuva forte, a previs\u00e3o para o final de mar\u00e7o \u00e9 de precipita\u00e7\u00f5es de 152% acima da m\u00e9dia hist\u00f3rica.<\/p>\n<p>A situa\u00e7\u00e3o enfrentada pelas regi\u00f5es Sudeste e Centro-Oeste tamb\u00e9m se repetir\u00e1 no Nordeste, onde as previs\u00f5es indicam que o volume de chuva deve ficar em 33% da m\u00e9dia hist\u00f3rica na primeira semana de mar\u00e7o, encerrando o m\u00eas em 39% da m\u00e9dia.<\/p>\n<p>No Norte, as precipita\u00e7\u00f5es para a primeira semana de mar\u00e7o est\u00e3o previstas para 64% da m\u00e9dia hist\u00f3rica. A Energia Natural Afluente deve encerrar o m\u00eas em 77% da m\u00e9dia hist\u00f3rica para o per\u00edodo.<\/p>\n<p>Os valores previstos para o final de mar\u00e7o ser\u00e3o atualizados semanalmente pelo ONS.<\/p>\n<p>Nielmar de Oliveira &#8211; Rep\u00f3rter da Ag\u00eancia Brasil<br \/>\nEdi\u00e7\u00e3o: Marcos Chagas<\/p>\n","protected":false},"excerpt":{"rendered":"<p>As an\u00e1lises preliminares do Operador Nacional do Sistema El\u00e9trico (ONS) indicam que o m\u00eas de mar\u00e7o repetir\u00e1 o in\u00edcio do ano, uma vez que a previs\u00e3o \u00e9 que ocorra chuva com volumes abaixo da m\u00e9dia hist\u00f3rica para as regi\u00f5es Sudeste e Centro-Oeste. A Energia Natural Afluente (ENA) no Sudeste dever\u00e1 ficar em 66% da m\u00e9dia [&hellip;]<\/p>\n","protected":false},"author":2,"featured_media":34905,"comment_status":"open","ping_status":"closed","sticky":false,"template":"","format":"standard","meta":{"_genesis_hide_title":false,"_genesis_hide_breadcrumbs":false,"_genesis_hide_singular_image":false,"_genesis_hide_footer_widgets":false,"_genesis_custom_body_class":"","_genesis_custom_post_class":"","_genesis_layout":"","_jetpack_memberships_contains_paid_content":false,"footnotes":""},"categories":[22],"tags":[],"class_list":{"0":"post-67047","1":"post","2":"type-post","3":"status-publish","4":"format-standard","5":"has-post-thumbnail","7":"category-brasil","8":"entry","9":"gs-1","10":"gs-odd","11":"gs-even","12":"gs-featured-content-entry"},"jetpack_featured_media_url":"https:\/\/www.redenoticia.com.br\/noticia\/imagens\/codigo-florestal.jpg","jetpack_sharing_enabled":true,"jetpack_likes_enabled":true,"_links":{"self":[{"href":"https:\/\/www.redenoticia.com.br\/noticia\/wp-json\/wp\/v2\/posts\/67047","targetHints":{"allow":["GET"]}}],"collection":[{"href":"https:\/\/www.redenoticia.com.br\/noticia\/wp-json\/wp\/v2\/posts"}],"about":[{"href":"https:\/\/www.redenoticia.com.br\/noticia\/wp-json\/wp\/v2\/types\/post"}],"author":[{"embeddable":true,"href":"https:\/\/www.redenoticia.com.br\/noticia\/wp-json\/wp\/v2\/users\/2"}],"replies":[{"embeddable":true,"href":"https:\/\/www.redenoticia.com.br\/noticia\/wp-json\/wp\/v2\/comments?post=67047"}],"version-history":[{"count":0,"href":"https:\/\/www.redenoticia.com.br\/noticia\/wp-json\/wp\/v2\/posts\/67047\/revisions"}],"wp:featuredmedia":[{"embeddable":true,"href":"https:\/\/www.redenoticia.com.br\/noticia\/wp-json\/wp\/v2\/media\/34905"}],"wp:attachment":[{"href":"https:\/\/www.redenoticia.com.br\/noticia\/wp-json\/wp\/v2\/media?parent=67047"}],"wp:term":[{"taxonomy":"category","embeddable":true,"href":"https:\/\/www.redenoticia.com.br\/noticia\/wp-json\/wp\/v2\/categories?post=67047"},{"taxonomy":"post_tag","embeddable":true,"href":"https:\/\/www.redenoticia.com.br\/noticia\/wp-json\/wp\/v2\/tags?post=67047"}],"curies":[{"name":"wp","href":"https:\/\/api.w.org\/{rel}","templated":true}]}}