{"id":67045,"date":"2015-02-27T21:23:23","date_gmt":"2015-02-28T00:23:23","guid":{"rendered":"http:\/\/www.redenoticia.com.br\/noticia\/?p=67045"},"modified":"2015-02-27T21:23:23","modified_gmt":"2015-02-28T00:23:23","slug":"inadimplencia-das-empresas-cresce-51-em-janeiro","status":"publish","type":"post","link":"https:\/\/www.redenoticia.com.br\/noticia\/2015\/inadimplencia-das-empresas-cresce-51-em-janeiro\/67045","title":{"rendered":"Inadimpl\u00eancia das empresas cresce 5,1% em janeiro"},"content":{"rendered":"<p> A <strong><em>inadimpl\u00eancia das empresas<\/em><\/strong> cresceu 5,1% em janeiro em compara\u00e7\u00e3o ao mesmo m\u00eas de 2014, segundo balan\u00e7o da Serasa Experian. Em rela\u00e7\u00e3o a dezembro do ano passado, o n\u00famero de empresas com d\u00edvidas em atraso aumentou 13,5%.<\/p>\n<p> Segundo a Serasa, a queda no ritmo da atividade econ\u00f4mica e o aumento das taxas de juros t\u00eam impactado o caixa das empresas. Al\u00e9m disso, os empreendedores t\u00eam enfrentado problemas com os aumentos de custos e com as altas nos pre\u00e7os dos combust\u00edveis e da energia.<\/p>\n<p>Os t\u00edtulos protestados foram os principais respons\u00e1veis pelo crescimento da inadimpl\u00eancia, com aumento de 37% em janeiro na compara\u00e7\u00e3o com dezembro. Em rela\u00e7\u00e3o a janeiro de 2014, foi registrado crescimento de 9,1%.<\/p>\n<p>Com aumento de 8,2% sobre dezembro, as d\u00edvidas n\u00e3o banc\u00e1rias tamb\u00e9m tiveram forte influ\u00eancia na alta no \u00edndice de inadimpl\u00eancia. Enquadram-se nesse grupo despesas com cart\u00e3o de cr\u00e9dito, fornecedores e contas de \u00e1gua, luz e telefone. Na compara\u00e7\u00e3o entre janeiro deste ano e de 2014, a eleva\u00e7\u00e3o das d\u00edvidas em atraso nessa modalidade chegou a 10,5%.<\/p>\n<p>O valor m\u00e9dio dos t\u00edtulos protestados aumentou 15,9% em janeiro em rela\u00e7\u00e3o ao mesmo m\u00eas de 2014, passando de R$ 1.963,25 para R$ 2.275,70. Tamb\u00e9m na compara\u00e7\u00e3o com o mesmo per\u00edodo, o valor m\u00e9dio dos cheques sem fundos subiu de R$ 2.180,97 para R$ 2.366,14, varia\u00e7\u00e3o de 8,5%, enquanto o valor das d\u00edvidas n\u00e3o banc\u00e1rias aumentou 5%, de R$ 880,66 para R$ 924,61.<\/p>\n<p>Daniel Mello &#8211; Rep\u00f3rter da Ag\u00eancia Brasil<br \/>\nEdi\u00e7\u00e3o: Juliana Andrade<\/p>\n","protected":false},"excerpt":{"rendered":"<p>A inadimpl\u00eancia das empresas cresceu 5,1% em janeiro em compara\u00e7\u00e3o ao mesmo m\u00eas de 2014, segundo balan\u00e7o da Serasa Experian. Em rela\u00e7\u00e3o a dezembro do ano passado, o n\u00famero de empresas com d\u00edvidas em atraso aumentou 13,5%. Segundo a Serasa, a queda no ritmo da atividade econ\u00f4mica e o aumento das taxas de juros t\u00eam [&hellip;]<\/p>\n","protected":false},"author":2,"featured_media":57585,"comment_status":"open","ping_status":"closed","sticky":false,"template":"","format":"standard","meta":{"_genesis_hide_title":false,"_genesis_hide_breadcrumbs":false,"_genesis_hide_singular_image":false,"_genesis_hide_footer_widgets":false,"_genesis_custom_body_class":"","_genesis_custom_post_class":"","_genesis_layout":"","_jetpack_memberships_contains_paid_content":false,"footnotes":""},"categories":[22,7],"tags":[],"class_list":{"0":"post-67045","1":"post","2":"type-post","3":"status-publish","4":"format-standard","5":"has-post-thumbnail","7":"category-brasil","8":"category-economia","9":"entry","10":"gs-1","11":"gs-odd","12":"gs-even","13":"gs-featured-content-entry"},"jetpack_featured_media_url":"https:\/\/www.redenoticia.com.br\/noticia\/imagens\/analise-economia.jpg","jetpack_sharing_enabled":true,"jetpack_likes_enabled":true,"_links":{"self":[{"href":"https:\/\/www.redenoticia.com.br\/noticia\/wp-json\/wp\/v2\/posts\/67045","targetHints":{"allow":["GET"]}}],"collection":[{"href":"https:\/\/www.redenoticia.com.br\/noticia\/wp-json\/wp\/v2\/posts"}],"about":[{"href":"https:\/\/www.redenoticia.com.br\/noticia\/wp-json\/wp\/v2\/types\/post"}],"author":[{"embeddable":true,"href":"https:\/\/www.redenoticia.com.br\/noticia\/wp-json\/wp\/v2\/users\/2"}],"replies":[{"embeddable":true,"href":"https:\/\/www.redenoticia.com.br\/noticia\/wp-json\/wp\/v2\/comments?post=67045"}],"version-history":[{"count":0,"href":"https:\/\/www.redenoticia.com.br\/noticia\/wp-json\/wp\/v2\/posts\/67045\/revisions"}],"wp:featuredmedia":[{"embeddable":true,"href":"https:\/\/www.redenoticia.com.br\/noticia\/wp-json\/wp\/v2\/media\/57585"}],"wp:attachment":[{"href":"https:\/\/www.redenoticia.com.br\/noticia\/wp-json\/wp\/v2\/media?parent=67045"}],"wp:term":[{"taxonomy":"category","embeddable":true,"href":"https:\/\/www.redenoticia.com.br\/noticia\/wp-json\/wp\/v2\/categories?post=67045"},{"taxonomy":"post_tag","embeddable":true,"href":"https:\/\/www.redenoticia.com.br\/noticia\/wp-json\/wp\/v2\/tags?post=67045"}],"curies":[{"name":"wp","href":"https:\/\/api.w.org\/{rel}","templated":true}]}}