{"id":67041,"date":"2015-02-27T21:16:47","date_gmt":"2015-02-28T00:16:47","guid":{"rendered":"http:\/\/www.redenoticia.com.br\/noticia\/?p=67041"},"modified":"2015-02-27T21:16:47","modified_gmt":"2015-02-28T00:16:47","slug":"curso-da-escola-de-sociologia-e-politica-ensina-a-fazer-trabalhos-academicos","status":"publish","type":"post","link":"https:\/\/www.redenoticia.com.br\/noticia\/2015\/curso-da-escola-de-sociologia-e-politica-ensina-a-fazer-trabalhos-academicos\/67041","title":{"rendered":"Curso da Escola de Sociologia e Pol\u00edtica ensina a fazer trabalhos acad\u00eamicos"},"content":{"rendered":"<p> Ag\u00eancia FAPESP \u2013 A Funda\u00e7\u00e3o Escola de Sociologia e Pol\u00edtica de S\u00e3o Paulo (FESPSP) d\u00e1 in\u00edcio ao curso de extens\u00e3o \u201c<strong><em>M\u00e9todo para elabora\u00e7\u00e3o de trabalho acad\u00eamico<\/em><\/strong>\u201d, dirigido a estudantes de gradua\u00e7\u00e3o e de p\u00f3s-gradua\u00e7\u00e3o das \u00e1reas de humanidades e ci\u00eancias sociais.<\/p>\n<p>O objetivo do curso \u00e9 apresentar as normas e par\u00e2metros para a realiza\u00e7\u00e3o de um trabalho cient\u00edfico e suas diferentes etapas, como defini\u00e7\u00e3o do tema, escolha do orientador, modalidade de trabalho, regras e metodologia.<\/p>\n<p>As aulas incluir\u00e3o exerc\u00edcios pr\u00e1ticos, leitura, escrita e discuss\u00e3o de trabalhos acad\u00eamicos realizados em grupo e individualmente. No fim do curso, os alunos dever\u00e3o ter desenvolvido um pr\u00e9-projeto de pesquisa ou a vers\u00e3o preliminar de um artigo cient\u00edfico.<\/p>\n<p>Entre os t\u00f3picos que ser\u00e3o abordados est\u00e3o \u201cNota de rodap\u00e9 e cita\u00e7\u00e3o: defini\u00e7\u00e3o, tipos, problemas e erros comuns\u201d e \u201cNormas da Associa\u00e7\u00e3o Brasileira de Normas T\u00e9cnicas (ABNT)\u201d, entre outros.<\/p>\n<p>O curso \u00e9 composto por oito aulas, que ocorrer\u00e3o \u00e0s sextas-feiras, entre 27 de fevereiro e 17 de abril. O pre\u00e7o \u00e9 R$ 768,00.<\/p>\n<p>Mais informa\u00e7\u00f5es em . Inscri\u00e7\u00f5es podem ser feitas no site  ou no campus da FESPSP, que fica na Rua General Jardim, 522, na Vila Buarque, em S\u00e3o Paulo.<\/p>\n","protected":false},"excerpt":{"rendered":"<p>Ag\u00eancia FAPESP \u2013 A Funda\u00e7\u00e3o Escola de Sociologia e Pol\u00edtica de S\u00e3o Paulo (FESPSP) d\u00e1 in\u00edcio ao curso de extens\u00e3o \u201cM\u00e9todo para elabora\u00e7\u00e3o de trabalho acad\u00eamico\u201d, dirigido a estudantes de gradua\u00e7\u00e3o e de p\u00f3s-gradua\u00e7\u00e3o das \u00e1reas de humanidades e ci\u00eancias sociais. O objetivo do curso \u00e9 apresentar as normas e par\u00e2metros para a realiza\u00e7\u00e3o de [&hellip;]<\/p>\n","protected":false},"author":2,"featured_media":36246,"comment_status":"open","ping_status":"closed","sticky":false,"template":"","format":"standard","meta":{"_genesis_hide_title":false,"_genesis_hide_breadcrumbs":false,"_genesis_hide_singular_image":false,"_genesis_hide_footer_widgets":false,"_genesis_custom_body_class":"","_genesis_custom_post_class":"","_genesis_layout":"","_jetpack_memberships_contains_paid_content":false,"footnotes":""},"categories":[22],"tags":[],"class_list":{"0":"post-67041","1":"post","2":"type-post","3":"status-publish","4":"format-standard","5":"has-post-thumbnail","7":"category-brasil","8":"entry","9":"gs-1","10":"gs-odd","11":"gs-even","12":"gs-featured-content-entry"},"jetpack_featured_media_url":"https:\/\/www.redenoticia.com.br\/noticia\/imagens\/professor-a.jpg","jetpack_sharing_enabled":true,"jetpack_likes_enabled":true,"_links":{"self":[{"href":"https:\/\/www.redenoticia.com.br\/noticia\/wp-json\/wp\/v2\/posts\/67041","targetHints":{"allow":["GET"]}}],"collection":[{"href":"https:\/\/www.redenoticia.com.br\/noticia\/wp-json\/wp\/v2\/posts"}],"about":[{"href":"https:\/\/www.redenoticia.com.br\/noticia\/wp-json\/wp\/v2\/types\/post"}],"author":[{"embeddable":true,"href":"https:\/\/www.redenoticia.com.br\/noticia\/wp-json\/wp\/v2\/users\/2"}],"replies":[{"embeddable":true,"href":"https:\/\/www.redenoticia.com.br\/noticia\/wp-json\/wp\/v2\/comments?post=67041"}],"version-history":[{"count":0,"href":"https:\/\/www.redenoticia.com.br\/noticia\/wp-json\/wp\/v2\/posts\/67041\/revisions"}],"wp:featuredmedia":[{"embeddable":true,"href":"https:\/\/www.redenoticia.com.br\/noticia\/wp-json\/wp\/v2\/media\/36246"}],"wp:attachment":[{"href":"https:\/\/www.redenoticia.com.br\/noticia\/wp-json\/wp\/v2\/media?parent=67041"}],"wp:term":[{"taxonomy":"category","embeddable":true,"href":"https:\/\/www.redenoticia.com.br\/noticia\/wp-json\/wp\/v2\/categories?post=67041"},{"taxonomy":"post_tag","embeddable":true,"href":"https:\/\/www.redenoticia.com.br\/noticia\/wp-json\/wp\/v2\/tags?post=67041"}],"curies":[{"name":"wp","href":"https:\/\/api.w.org\/{rel}","templated":true}]}}