{"id":66981,"date":"2015-02-26T14:40:32","date_gmt":"2015-02-26T17:40:32","guid":{"rendered":"http:\/\/www.redenoticia.com.br\/noticia\/?p=66981"},"modified":"2015-02-26T14:40:32","modified_gmt":"2015-02-26T17:40:32","slug":"percentual-de-familias-inadimplentes-em-fevereiro","status":"publish","type":"post","link":"https:\/\/www.redenoticia.com.br\/noticia\/2015\/percentual-de-familias-inadimplentes-em-fevereiro\/66981","title":{"rendered":"Percentual de fam\u00edlias inadimplentes em fevereiro"},"content":{"rendered":"<p> O percentual de fam\u00edlias com contas ou <strong><em>d\u00edvidas em atraso<\/em><\/strong> ficou em 17,5% em fevereiro deste ano, taxa inferior aos 17,8% do m\u00eas anterior e aos 19,7% de fevereiro de 2014. O dado, da Pesquisa Nacional de Endividamento e Inadimpl\u00eancia do Consumidor (Peic), foi divulgado pela Confedera\u00e7\u00e3o Nacional do Com\u00e9rcio de Bens, Servi\u00e7os e Turismo (CNC).<\/p>\n<p>A pesquisa mostra que o tempo m\u00e9dio de demora para o pagamento das d\u00edvidas \u00e9 60,5 dias. J\u00e1 o n\u00famero de fam\u00edlias com d\u00edvidas (n\u00e3o necessariamente em atraso) ficou em 57,8% em fevereiro, acima dos 57,5% de janeiro, mas abaixo dos 62,7% de fevereiro do ano passado. Do total das fam\u00edlias, 9,7% se disseram muito endividadas, percentual abaixo do observado em fevereiro de 2014 (12,1%).<\/p>\n<p> Entre as d\u00edvidas, a maior parte (70,9%) continua sendo com cart\u00e3o de cr\u00e9dito. Outras fontes de d\u00edvidas s\u00e3o carn\u00eas (18%), financiamentos de carro (14,5%), cr\u00e9ditos pessoais (9,2%) e financiamentos de casas (8%).<\/p>\n<p>Outro dado mostrado pela pesquisa da CNC \u00e9 que 6,4% das fam\u00edlias n\u00e3o ter\u00e3o condi\u00e7\u00f5es de pagar suas d\u00edvidas ou contas, o mesmo percentual de janeiro deste ano, mas acima do patamar de fevereiro de 2014 (5,9%).<\/p>\n<p>Vitor Abdala &#8211; Rep\u00f3rter da Ag\u00eancia Brasil<br \/>\nEdi\u00e7\u00e3o: Marcos Chagas<\/p>\n","protected":false},"excerpt":{"rendered":"<p>O percentual de fam\u00edlias com contas ou d\u00edvidas em atraso ficou em 17,5% em fevereiro deste ano, taxa inferior aos 17,8% do m\u00eas anterior e aos 19,7% de fevereiro de 2014. O dado, da Pesquisa Nacional de Endividamento e Inadimpl\u00eancia do Consumidor (Peic), foi divulgado pela Confedera\u00e7\u00e3o Nacional do Com\u00e9rcio de Bens, Servi\u00e7os e Turismo [&hellip;]<\/p>\n","protected":false},"author":2,"featured_media":35203,"comment_status":"open","ping_status":"closed","sticky":false,"template":"","format":"standard","meta":{"_genesis_hide_title":false,"_genesis_hide_breadcrumbs":false,"_genesis_hide_singular_image":false,"_genesis_hide_footer_widgets":false,"_genesis_custom_body_class":"","_genesis_custom_post_class":"","_genesis_layout":"","_jetpack_memberships_contains_paid_content":false,"footnotes":""},"categories":[22,7],"tags":[],"class_list":{"0":"post-66981","1":"post","2":"type-post","3":"status-publish","4":"format-standard","5":"has-post-thumbnail","7":"category-brasil","8":"category-economia","9":"entry","10":"gs-1","11":"gs-odd","12":"gs-even","13":"gs-featured-content-entry"},"jetpack_featured_media_url":"https:\/\/www.redenoticia.com.br\/noticia\/imagens\/cartao-credito.jpg","jetpack_sharing_enabled":true,"jetpack_likes_enabled":true,"_links":{"self":[{"href":"https:\/\/www.redenoticia.com.br\/noticia\/wp-json\/wp\/v2\/posts\/66981","targetHints":{"allow":["GET"]}}],"collection":[{"href":"https:\/\/www.redenoticia.com.br\/noticia\/wp-json\/wp\/v2\/posts"}],"about":[{"href":"https:\/\/www.redenoticia.com.br\/noticia\/wp-json\/wp\/v2\/types\/post"}],"author":[{"embeddable":true,"href":"https:\/\/www.redenoticia.com.br\/noticia\/wp-json\/wp\/v2\/users\/2"}],"replies":[{"embeddable":true,"href":"https:\/\/www.redenoticia.com.br\/noticia\/wp-json\/wp\/v2\/comments?post=66981"}],"version-history":[{"count":0,"href":"https:\/\/www.redenoticia.com.br\/noticia\/wp-json\/wp\/v2\/posts\/66981\/revisions"}],"wp:featuredmedia":[{"embeddable":true,"href":"https:\/\/www.redenoticia.com.br\/noticia\/wp-json\/wp\/v2\/media\/35203"}],"wp:attachment":[{"href":"https:\/\/www.redenoticia.com.br\/noticia\/wp-json\/wp\/v2\/media?parent=66981"}],"wp:term":[{"taxonomy":"category","embeddable":true,"href":"https:\/\/www.redenoticia.com.br\/noticia\/wp-json\/wp\/v2\/categories?post=66981"},{"taxonomy":"post_tag","embeddable":true,"href":"https:\/\/www.redenoticia.com.br\/noticia\/wp-json\/wp\/v2\/tags?post=66981"}],"curies":[{"name":"wp","href":"https:\/\/api.w.org\/{rel}","templated":true}]}}