{"id":66977,"date":"2015-02-26T14:31:51","date_gmt":"2015-02-26T17:31:51","guid":{"rendered":"http:\/\/www.redenoticia.com.br\/noticia\/?p=66977"},"modified":"2015-02-26T14:31:51","modified_gmt":"2015-02-26T17:31:51","slug":"indice-de-producao-industrial-de-janeiro-confirma-desaquecimento-da-atividade","status":"publish","type":"post","link":"https:\/\/www.redenoticia.com.br\/noticia\/2015\/indice-de-producao-industrial-de-janeiro-confirma-desaquecimento-da-atividade\/66977","title":{"rendered":"\u00cdndice de produ\u00e7\u00e3o industrial de janeiro confirma desaquecimento da atividade"},"content":{"rendered":"<p> O <strong><em>\u00edndice de produ\u00e7\u00e3o industrial<\/em><\/strong>, medido pela Confedera\u00e7\u00e3o Nacional da Ind\u00fastria (CNI), atingiu 42,7 pontos em janeiro, acima do registrado em dezembro, 38,3. Os dados est\u00e3o na pesquisa mensal Sondagem Industrial. Segundo a CNI, o resultado abaixo da linha de 50 pontos, em uma escala de 0 a 100, representa &#8220;continuidade do quadro de desaquecimento da atividade\u201d.<\/p>\n<p> A sondagem mostra que o indicador do n\u00famero de empregados na ind\u00fastria foi 44,4 pontos no \u00faltimo m\u00eas. O \u00edndice ficou ligeiramente acima dos 44,2 pontos de dezembro e supera os 48 pontos de janeiro de 2014.<\/p>\n<p>O percentual m\u00e9dio de utiliza\u00e7\u00e3o da capacidade instalada caiu para 67% em janeiro, contra 68% em dezembro. Houve queda tamb\u00e9m na compara\u00e7\u00e3o com janeiro de 2014, que registrou 70%.<\/p>\n<p>Os estoques ficaram est\u00e1veis, com 50,5 pontos. Em janeiro de 2014, o indicador representava 49,2 pontos. No caso da evolu\u00e7\u00e3o dos estoques, o resultado de janeiro ficou em 50 pontos, superando o de dezembro, 47,5 pontos.<\/p>\n<p>A CNI detectou pessimismo dos empres\u00e1rios para o pr\u00f3ximo semestre, com os indicadores abaixo de 50 pontos. O indicador de expectativa de demanda caiu de 50,9 pontos em dezembro para 48,9 pontos em janeiro. Tamb\u00e9m houve queda no indicador de n\u00famero de empregados (de 46,7 para 44,9 pontos), de compra de mat\u00e9rias-primas (de 49,6 para 46,9 pontos) e de quantidade exportada (de 50,2 para 49,5 pontos). A inten\u00e7\u00e3o de investimento tamb\u00e9m recuou, de 52 para 49,4 pontos, na mesma avalia\u00e7\u00e3o.<\/p>\n<p>Da Ag\u00eancia Brasil<br \/>\nEdi\u00e7\u00e3o: Val\u00e9ria Aguiar<\/p>\n","protected":false},"excerpt":{"rendered":"<p>O \u00edndice de produ\u00e7\u00e3o industrial, medido pela Confedera\u00e7\u00e3o Nacional da Ind\u00fastria (CNI), atingiu 42,7 pontos em janeiro, acima do registrado em dezembro, 38,3. Os dados est\u00e3o na pesquisa mensal Sondagem Industrial. Segundo a CNI, o resultado abaixo da linha de 50 pontos, em uma escala de 0 a 100, representa &#8220;continuidade do quadro de desaquecimento [&hellip;]<\/p>\n","protected":false},"author":2,"featured_media":40517,"comment_status":"open","ping_status":"closed","sticky":false,"template":"","format":"standard","meta":{"_genesis_hide_title":false,"_genesis_hide_breadcrumbs":false,"_genesis_hide_singular_image":false,"_genesis_hide_footer_widgets":false,"_genesis_custom_body_class":"","_genesis_custom_post_class":"","_genesis_layout":"","_jetpack_memberships_contains_paid_content":false,"footnotes":""},"categories":[22,7],"tags":[],"class_list":{"0":"post-66977","1":"post","2":"type-post","3":"status-publish","4":"format-standard","5":"has-post-thumbnail","7":"category-brasil","8":"category-economia","9":"entry","10":"gs-1","11":"gs-odd","12":"gs-even","13":"gs-featured-content-entry"},"jetpack_featured_media_url":"https:\/\/www.redenoticia.com.br\/noticia\/imagens\/economia-previsao.jpg","jetpack_sharing_enabled":true,"jetpack_likes_enabled":true,"_links":{"self":[{"href":"https:\/\/www.redenoticia.com.br\/noticia\/wp-json\/wp\/v2\/posts\/66977","targetHints":{"allow":["GET"]}}],"collection":[{"href":"https:\/\/www.redenoticia.com.br\/noticia\/wp-json\/wp\/v2\/posts"}],"about":[{"href":"https:\/\/www.redenoticia.com.br\/noticia\/wp-json\/wp\/v2\/types\/post"}],"author":[{"embeddable":true,"href":"https:\/\/www.redenoticia.com.br\/noticia\/wp-json\/wp\/v2\/users\/2"}],"replies":[{"embeddable":true,"href":"https:\/\/www.redenoticia.com.br\/noticia\/wp-json\/wp\/v2\/comments?post=66977"}],"version-history":[{"count":0,"href":"https:\/\/www.redenoticia.com.br\/noticia\/wp-json\/wp\/v2\/posts\/66977\/revisions"}],"wp:featuredmedia":[{"embeddable":true,"href":"https:\/\/www.redenoticia.com.br\/noticia\/wp-json\/wp\/v2\/media\/40517"}],"wp:attachment":[{"href":"https:\/\/www.redenoticia.com.br\/noticia\/wp-json\/wp\/v2\/media?parent=66977"}],"wp:term":[{"taxonomy":"category","embeddable":true,"href":"https:\/\/www.redenoticia.com.br\/noticia\/wp-json\/wp\/v2\/categories?post=66977"},{"taxonomy":"post_tag","embeddable":true,"href":"https:\/\/www.redenoticia.com.br\/noticia\/wp-json\/wp\/v2\/tags?post=66977"}],"curies":[{"name":"wp","href":"https:\/\/api.w.org\/{rel}","templated":true}]}}