{"id":66975,"date":"2015-02-26T14:26:54","date_gmt":"2015-02-26T17:26:54","guid":{"rendered":"http:\/\/www.redenoticia.com.br\/noticia\/?p=66975"},"modified":"2015-02-26T14:26:54","modified_gmt":"2015-02-26T17:26:54","slug":"chuva-ajuda-a-elevar-nivel-do-cantareira","status":"publish","type":"post","link":"https:\/\/www.redenoticia.com.br\/noticia\/2015\/chuva-ajuda-a-elevar-nivel-do-cantareira\/66975","title":{"rendered":"Chuva ajuda a elevar n\u00edvel do Cantareira"},"content":{"rendered":"<p> O n\u00edvel do <strong><em>Sistema Cantareira<\/em><\/strong>, principal manancial de abastecimento da regi\u00e3o metropolitana de S\u00e3o Paulo, apresentou nesta quinta-feira (26) a 21\u00aa alta consecutiva deste m\u00eas de fevereiro, ao passar de 10,8% para 11,1%. O volume de chuva acumulado est\u00e1 em 293 mm, acima da m\u00e9dia hist\u00f3rica para esse per\u00edodo (199,1 mm).<\/p>\n<p>Segundo a Companhia de Saneamento B\u00e1sico do Estado de S\u00e3o Paulo (Sabesp), com o gradual enchimento das seis represas que formam o sistema foi poss\u00edvel alcan\u00e7ar o n\u00edvel da primeira cota da reserva t\u00e9cnica, a \u00e1gua que fica logo abaixo das comportas. Para repor os 182,5 bilh\u00f5es de litros e atingir o volume \u00fatil de opera\u00e7\u00e3o, \u00e9 necess\u00e1rio subir mais 18,1 pontos percentuais, o que daria maior tranquilidade no fornecimento a 6,5 milh\u00f5es de pessoas.<\/p>\n<p>Nos cinco mananciais restantes administrados pela Sabesp, o \u00fanico que registrou queda no volume armazenado foi o Sistema Rio Grande, onde houve redu\u00e7\u00e3o de 0,1 ponto percentual, passando de 83,4% para 83,3%. No Sistema Alto Tiet\u00ea, o volume ficou est\u00e1vel pelo segundo dia seguido em 18,3%. No Guarapiranga, o n\u00edvel subiu de 58,7% para 59,8%; no Alto Cotia, de 36,4% para 37,7%, e no Rio Claro, de 35,5% para 35,7%.<\/p>\n<p>Marli Moreira &#8211; Rep\u00f3rter da Ag\u00eancia Brasil<br \/>\nEdi\u00e7\u00e3o: Val\u00e9ria Aguiar<\/p>\n","protected":false},"excerpt":{"rendered":"<p>O n\u00edvel do Sistema Cantareira, principal manancial de abastecimento da regi\u00e3o metropolitana de S\u00e3o Paulo, apresentou nesta quinta-feira (26) a 21\u00aa alta consecutiva deste m\u00eas de fevereiro, ao passar de 10,8% para 11,1%. O volume de chuva acumulado est\u00e1 em 293 mm, acima da m\u00e9dia hist\u00f3rica para esse per\u00edodo (199,1 mm). Segundo a Companhia de [&hellip;]<\/p>\n","protected":false},"author":2,"featured_media":34905,"comment_status":"open","ping_status":"closed","sticky":false,"template":"","format":"standard","meta":{"_genesis_hide_title":false,"_genesis_hide_breadcrumbs":false,"_genesis_hide_singular_image":false,"_genesis_hide_footer_widgets":false,"_genesis_custom_body_class":"","_genesis_custom_post_class":"","_genesis_layout":"","_jetpack_memberships_contains_paid_content":false,"footnotes":""},"categories":[22],"tags":[],"class_list":{"0":"post-66975","1":"post","2":"type-post","3":"status-publish","4":"format-standard","5":"has-post-thumbnail","7":"category-brasil","8":"entry","9":"gs-1","10":"gs-odd","11":"gs-even","12":"gs-featured-content-entry"},"jetpack_featured_media_url":"https:\/\/www.redenoticia.com.br\/noticia\/imagens\/codigo-florestal.jpg","jetpack_sharing_enabled":true,"jetpack_likes_enabled":true,"_links":{"self":[{"href":"https:\/\/www.redenoticia.com.br\/noticia\/wp-json\/wp\/v2\/posts\/66975","targetHints":{"allow":["GET"]}}],"collection":[{"href":"https:\/\/www.redenoticia.com.br\/noticia\/wp-json\/wp\/v2\/posts"}],"about":[{"href":"https:\/\/www.redenoticia.com.br\/noticia\/wp-json\/wp\/v2\/types\/post"}],"author":[{"embeddable":true,"href":"https:\/\/www.redenoticia.com.br\/noticia\/wp-json\/wp\/v2\/users\/2"}],"replies":[{"embeddable":true,"href":"https:\/\/www.redenoticia.com.br\/noticia\/wp-json\/wp\/v2\/comments?post=66975"}],"version-history":[{"count":0,"href":"https:\/\/www.redenoticia.com.br\/noticia\/wp-json\/wp\/v2\/posts\/66975\/revisions"}],"wp:featuredmedia":[{"embeddable":true,"href":"https:\/\/www.redenoticia.com.br\/noticia\/wp-json\/wp\/v2\/media\/34905"}],"wp:attachment":[{"href":"https:\/\/www.redenoticia.com.br\/noticia\/wp-json\/wp\/v2\/media?parent=66975"}],"wp:term":[{"taxonomy":"category","embeddable":true,"href":"https:\/\/www.redenoticia.com.br\/noticia\/wp-json\/wp\/v2\/categories?post=66975"},{"taxonomy":"post_tag","embeddable":true,"href":"https:\/\/www.redenoticia.com.br\/noticia\/wp-json\/wp\/v2\/tags?post=66975"}],"curies":[{"name":"wp","href":"https:\/\/api.w.org\/{rel}","templated":true}]}}