{"id":66936,"date":"2015-02-25T16:23:27","date_gmt":"2015-02-25T19:23:27","guid":{"rendered":"http:\/\/www.redenoticia.com.br\/noticia\/?p=66936"},"modified":"2015-02-25T16:23:27","modified_gmt":"2015-02-25T19:23:27","slug":"juros-para-pessoas-fisicas-atingem-maior-patamar-desde-marco-de-2011","status":"publish","type":"post","link":"https:\/\/www.redenoticia.com.br\/noticia\/2015\/juros-para-pessoas-fisicas-atingem-maior-patamar-desde-marco-de-2011\/66936","title":{"rendered":"Juros para pessoas f\u00edsicas atingem maior patamar desde mar\u00e7o de 2011"},"content":{"rendered":"<p> A <strong><em>taxa m\u00e9dia de juros para pessoas f\u00edsicas<\/em><\/strong> com recursos livres (quando os bancos t\u00eam autonomia para aplicar o dinheiro) alcan\u00e7ou 52,6% ao ano em janeiro de 2015. A taxa subiu 2,5 pontos percentuais em rela\u00e7\u00e3o \u00e0 de dezembro e 6,9 pontos percentuais em 12 meses. O patamar de janeiro \u00e9 o maior desde o in\u00edcio da nova s\u00e9rie hist\u00f3rica do Banco Central (BC), em mar\u00e7o de 2011. Antes, a maior taxa de juros, de 51,25% ao ano, foi registrada em outubro de 2011. O BC revisou as s\u00e9ries hist\u00f3ricas relativas aos juros em fun\u00e7\u00e3o de uma mudan\u00e7a de metodologia.<\/p>\n<p>A principal altera\u00e7\u00e3o com a nova metodologia para o c\u00e1lculo \u00e9 a introdu\u00e7\u00e3o dos juros do cart\u00e3o de cr\u00e9dito, que ficaram em 73,3% ao ano. Os juros para a modalidade subiram 2,7 pontos percentuais em janeiro na compara\u00e7\u00e3o com dezembro de 2014, e 7,7 pontos percentuais em 12 meses. Os juros do cart\u00e3o s\u00e3o divididos entre cr\u00e9dito rotativo e cr\u00e9dito parcelado.<\/p>\n<p>Com rela\u00e7\u00e3o \u00e0 taxa espec\u00edfica do cr\u00e9dito rotativo no cart\u00e3o, os juros atingiram em janeiro 334% ao ano, crescendo 2,4 pontos percentuais sobre dezembro e 24,5 pontos percentuais em 12 meses. O patamar alcan\u00e7ado s\u00f3 foi inferior aos 334,29% ao ano alcan\u00e7ados em junho de 2012. Para o cr\u00e9dito parcelado no cart\u00e3o de cr\u00e9dito, os juros ficaram em 106,7% ao ano, um aumento de 2,6 pontos percentuais em rela\u00e7\u00e3o a dezembro do ano passado e 0,2 ponto percentual em um per\u00edodo de 12 meses.<\/p>\n<p>Os juros do cheque especial ficaram em 208,7% ao ano, alta de 7,7 pontos percentuais no m\u00eas e 54,6 pontos percentuais em 12 meses. O patamar atingido em janeiro \u00e9 o maior desde abril de 1996, quando os juros da modalidade alcan\u00e7aram 212,26% ao ano.<\/p>\n<p>O chefe do Departamento Econ\u00f4mico do BC, Tulio Maciel, admitiu que houve aumento &#8220;em praticamente todas as modalidades de taxas de juros&#8221;. Segundo ele, o movimento pode ser relacionado ao ciclo de pol\u00edtica monet\u00e1ria, ou seja, \u00e0 pol\u00edtica de eleva\u00e7\u00e3o da Selic, taxa b\u00e1sica de juros da economia, adotada nos \u00faltimos meses pela autoridade monet\u00e1ria. &#8220;\u00c9 poss\u00edvel [tamb\u00e9m] que parte da alta de juros reflita mudan\u00e7as anunciadas nas taxas em programas no \u00e2mbito do BNDES [Banco Nacional de Desenvolvimento Econ\u00f4mico e Social]&#8221;, acrescentou.<\/p>\n<p>A taxa m\u00e9dia de juros do cr\u00e9dito direcionado, que segue regras do governo, ficou em 8,2% ao ano em janeiro para pessoas f\u00edsicas, avan\u00e7ando 0,3 ponto percentual sobre dezembro, e em 8,5% ao ano para pessoas jur\u00eddicas, com acr\u00e9scimo de 0,9 ponto percentual no m\u00eas.<\/p>\n<p>O BC informou ainda que o m\u00eas de janeiro registrou queda na inadimpl\u00eancia das pessoas f\u00edsicas. O indicador relativo aos d\u00e9bitos com recursos livres ficou em 5,4%. Em dezembro, o percentual chegou a 5,5%. O patamar atingido no m\u00eas passado \u00e9 o menor desde o in\u00edcio da s\u00e9rie hist\u00f3rica, em mar\u00e7o de 2011.<\/p>\n<p>Mariana Branco \u2013 Rep\u00f3rter da Ag\u00eancia Brasil<br \/>\nEdi\u00e7\u00e3o: Juliana Andrade<\/p>\n","protected":false},"excerpt":{"rendered":"<p>A taxa m\u00e9dia de juros para pessoas f\u00edsicas com recursos livres (quando os bancos t\u00eam autonomia para aplicar o dinheiro) alcan\u00e7ou 52,6% ao ano em janeiro de 2015. A taxa subiu 2,5 pontos percentuais em rela\u00e7\u00e3o \u00e0 de dezembro e 6,9 pontos percentuais em 12 meses. O patamar de janeiro \u00e9 o maior desde o [&hellip;]<\/p>\n","protected":false},"author":2,"featured_media":38940,"comment_status":"open","ping_status":"closed","sticky":false,"template":"","format":"standard","meta":{"_genesis_hide_title":false,"_genesis_hide_breadcrumbs":false,"_genesis_hide_singular_image":false,"_genesis_hide_footer_widgets":false,"_genesis_custom_body_class":"","_genesis_custom_post_class":"","_genesis_layout":"","_jetpack_memberships_contains_paid_content":false,"footnotes":""},"categories":[22,7],"tags":[],"class_list":{"0":"post-66936","1":"post","2":"type-post","3":"status-publish","4":"format-standard","5":"has-post-thumbnail","7":"category-brasil","8":"category-economia","9":"entry","10":"gs-1","11":"gs-odd","12":"gs-even","13":"gs-featured-content-entry"},"jetpack_featured_media_url":"https:\/\/www.redenoticia.com.br\/noticia\/imagens\/grafico.jpg","jetpack_sharing_enabled":true,"jetpack_likes_enabled":true,"_links":{"self":[{"href":"https:\/\/www.redenoticia.com.br\/noticia\/wp-json\/wp\/v2\/posts\/66936","targetHints":{"allow":["GET"]}}],"collection":[{"href":"https:\/\/www.redenoticia.com.br\/noticia\/wp-json\/wp\/v2\/posts"}],"about":[{"href":"https:\/\/www.redenoticia.com.br\/noticia\/wp-json\/wp\/v2\/types\/post"}],"author":[{"embeddable":true,"href":"https:\/\/www.redenoticia.com.br\/noticia\/wp-json\/wp\/v2\/users\/2"}],"replies":[{"embeddable":true,"href":"https:\/\/www.redenoticia.com.br\/noticia\/wp-json\/wp\/v2\/comments?post=66936"}],"version-history":[{"count":0,"href":"https:\/\/www.redenoticia.com.br\/noticia\/wp-json\/wp\/v2\/posts\/66936\/revisions"}],"wp:featuredmedia":[{"embeddable":true,"href":"https:\/\/www.redenoticia.com.br\/noticia\/wp-json\/wp\/v2\/media\/38940"}],"wp:attachment":[{"href":"https:\/\/www.redenoticia.com.br\/noticia\/wp-json\/wp\/v2\/media?parent=66936"}],"wp:term":[{"taxonomy":"category","embeddable":true,"href":"https:\/\/www.redenoticia.com.br\/noticia\/wp-json\/wp\/v2\/categories?post=66936"},{"taxonomy":"post_tag","embeddable":true,"href":"https:\/\/www.redenoticia.com.br\/noticia\/wp-json\/wp\/v2\/tags?post=66936"}],"curies":[{"name":"wp","href":"https:\/\/api.w.org\/{rel}","templated":true}]}}