{"id":66933,"date":"2015-02-25T16:19:29","date_gmt":"2015-02-25T19:19:29","guid":{"rendered":"http:\/\/www.redenoticia.com.br\/noticia\/?p=66933"},"modified":"2015-02-25T16:19:29","modified_gmt":"2015-02-25T19:19:29","slug":"arrecadacao-de-impostos-e-de-contribuicoes-teve-queda-de-544-em-janeiro","status":"publish","type":"post","link":"https:\/\/www.redenoticia.com.br\/noticia\/2015\/arrecadacao-de-impostos-e-de-contribuicoes-teve-queda-de-544-em-janeiro\/66933","title":{"rendered":"Arrecada\u00e7\u00e3o de impostos e de contribui\u00e7\u00f5es teve queda de 5,44% em janeiro"},"content":{"rendered":"<p> O governo federal arrecadou R$ 125,282 bilh\u00f5es em termos nominais (sem descontar a infla\u00e7\u00e3o) em <strong><em>impostos e contribui\u00e7\u00f5es<\/em><\/strong> em janeiro de 2015. Em termos reais, ou seja, j\u00e1 descontada a infla\u00e7\u00e3o, o resultado representa queda real de 5,44% em rela\u00e7\u00e3o ao mesmo per\u00edodo de 2014. Foi o pior resultado desde 2012, quando \u2013 em janeiro \u2013  foram arrecadados R$ 123,181 bilh\u00f5es. Os dados foram divulgados pela Receita Federal.<\/p>\n<p> De acordo com o \u00f3rg\u00e3o, o fator que mais contribuiu negativamente para o resultado da arrecada\u00e7\u00e3o das receitas administradas pelo \u00f3rg\u00e3o, em janeiro, foi a redu\u00e7\u00e3o, em rela\u00e7\u00e3o a janeiro de 2014, no valor dos pagamentos de impostos efetuados por estimativa. Tais pagamentos obrigam o contribuinte a ajustar o total de pagamento de impostos no final de um determinado per\u00edodo.<\/p>\n<p>Houve queda de 12,16% na arrecada\u00e7\u00e3o do Imposto de Renda Pessoa Jur\u00eddica (IRPJ) e da Contribui\u00e7\u00e3o Social sobre o Lucro L\u00edquido, reduzidas de R$ 36,3 bilh\u00f5es para R$ 31,9 na compara\u00e7\u00e3o entre janeiro de 2014 para o mesmo per\u00edodo de 2015. Esses tributos representam 87,18% na arrecada\u00e7\u00e3o das receitas administradas pelo Fisco.<\/p>\n<p>De acordo com a Receita, entre os principais fatores macroecon\u00f4micos que influenciaram a arrecada\u00e7\u00e3o est\u00e1 o desempenho dos principais indicadores macroecon\u00f4micos \u2013 incluindo a produ\u00e7\u00e3o industrial, com queda de 2,7% na compara\u00e7\u00e3o de janeiro de 2015 com janeiro de 2014 e a queda na venda de bens e servi\u00e7os (-2,2% na mesma compara\u00e7\u00e3o).<\/p>\n<p>Daniel Lima &#8211; Rep\u00f3rter da Ag\u00eancia Brasil<br \/>\nEdi\u00e7\u00e3o: Jos\u00e9 Romildo<\/p>\n","protected":false},"excerpt":{"rendered":"<p>O governo federal arrecadou R$ 125,282 bilh\u00f5es em termos nominais (sem descontar a infla\u00e7\u00e3o) em impostos e contribui\u00e7\u00f5es em janeiro de 2015. Em termos reais, ou seja, j\u00e1 descontada a infla\u00e7\u00e3o, o resultado representa queda real de 5,44% em rela\u00e7\u00e3o ao mesmo per\u00edodo de 2014. Foi o pior resultado desde 2012, quando \u2013 em janeiro [&hellip;]<\/p>\n","protected":false},"author":2,"featured_media":40734,"comment_status":"open","ping_status":"closed","sticky":false,"template":"","format":"standard","meta":{"_genesis_hide_title":false,"_genesis_hide_breadcrumbs":false,"_genesis_hide_singular_image":false,"_genesis_hide_footer_widgets":false,"_genesis_custom_body_class":"","_genesis_custom_post_class":"","_genesis_layout":"","_jetpack_memberships_contains_paid_content":false,"footnotes":""},"categories":[22,7],"tags":[],"class_list":{"0":"post-66933","1":"post","2":"type-post","3":"status-publish","4":"format-standard","5":"has-post-thumbnail","7":"category-brasil","8":"category-economia","9":"entry","10":"gs-1","11":"gs-odd","12":"gs-even","13":"gs-featured-content-entry"},"jetpack_featured_media_url":"https:\/\/www.redenoticia.com.br\/noticia\/imagens\/economia-resultados.jpg","jetpack_sharing_enabled":true,"jetpack_likes_enabled":true,"_links":{"self":[{"href":"https:\/\/www.redenoticia.com.br\/noticia\/wp-json\/wp\/v2\/posts\/66933","targetHints":{"allow":["GET"]}}],"collection":[{"href":"https:\/\/www.redenoticia.com.br\/noticia\/wp-json\/wp\/v2\/posts"}],"about":[{"href":"https:\/\/www.redenoticia.com.br\/noticia\/wp-json\/wp\/v2\/types\/post"}],"author":[{"embeddable":true,"href":"https:\/\/www.redenoticia.com.br\/noticia\/wp-json\/wp\/v2\/users\/2"}],"replies":[{"embeddable":true,"href":"https:\/\/www.redenoticia.com.br\/noticia\/wp-json\/wp\/v2\/comments?post=66933"}],"version-history":[{"count":0,"href":"https:\/\/www.redenoticia.com.br\/noticia\/wp-json\/wp\/v2\/posts\/66933\/revisions"}],"wp:featuredmedia":[{"embeddable":true,"href":"https:\/\/www.redenoticia.com.br\/noticia\/wp-json\/wp\/v2\/media\/40734"}],"wp:attachment":[{"href":"https:\/\/www.redenoticia.com.br\/noticia\/wp-json\/wp\/v2\/media?parent=66933"}],"wp:term":[{"taxonomy":"category","embeddable":true,"href":"https:\/\/www.redenoticia.com.br\/noticia\/wp-json\/wp\/v2\/categories?post=66933"},{"taxonomy":"post_tag","embeddable":true,"href":"https:\/\/www.redenoticia.com.br\/noticia\/wp-json\/wp\/v2\/tags?post=66933"}],"curies":[{"name":"wp","href":"https:\/\/api.w.org\/{rel}","templated":true}]}}