{"id":66931,"date":"2015-02-25T16:10:29","date_gmt":"2015-02-25T19:10:29","guid":{"rendered":"http:\/\/www.redenoticia.com.br\/noticia\/?p=66931"},"modified":"2015-02-25T16:10:29","modified_gmt":"2015-02-25T19:10:29","slug":"operacoes-de-credito-do-sistema-financeiro-registram-queda-de-02-em-janeiro","status":"publish","type":"post","link":"https:\/\/www.redenoticia.com.br\/noticia\/2015\/operacoes-de-credito-do-sistema-financeiro-registram-queda-de-02-em-janeiro\/66931","title":{"rendered":"Opera\u00e7\u00f5es de cr\u00e9dito do sistema financeiro registram queda de 0,2% em janeiro"},"content":{"rendered":"<p> As <strong><em>opera\u00e7\u00f5es de cr\u00e9dito<\/em><\/strong> do sistema financeiro somaram R$ 3,013 trilh\u00f5es em janeiro, com queda de 0,2% no m\u00eas e alta de 11% em doze meses. O montante representou 58,5% do Produto Interno Bruto (PIB, soma dos bens e servi\u00e7os produzidos em um pa\u00eds). Em dezembro, esse percentual chegou a 58,9% e, em janeiro de 2014, a 55,7%. As informa\u00e7\u00f5es foram divulgadas pelo Banco Central (BC).<\/p>\n<p>Do montante das opera\u00e7\u00f5es de cr\u00e9dito, R$ 1,588 trilh\u00e3o s\u00e3o pessoas jur\u00eddicas e R$ 1,425 trilh\u00e3o, pessoas f\u00edsicas. O saldo de opera\u00e7\u00f5es envolvendo pessoas jur\u00eddicas caiu 1,1% em rela\u00e7\u00e3o a dezembro e 9,2% em doze meses. No caso de pessoas f\u00edsicas, houve alta mensal de 0,9%, e a anual de 13,2%.<\/p>\n<p>O cr\u00e9dito com recursos livres, em que os bancos t\u00eam autonomia para aplicar o dinheiro captado, somou R$ 1,566 trilh\u00e3o. Houve queda de 0,7% na compara\u00e7\u00e3o com dezembro e alta de 5,1% em doze meses. J\u00e1 o cr\u00e9dito com recursos direcionados, em que os empr\u00e9stimos devem seguir regras definidas pelo governo, alcan\u00e7ou saldo de R$ 1,447 trilh\u00e3o, registrando alta de 0,5% no m\u00eas e de 18,2% em doze meses. <\/p>\n<p>O BC informou que mudou a metodologia para c\u00e1lculo das informa\u00e7\u00f5es sobre cr\u00e9dito. De acordo com a autoridade monet\u00e1ria, uma das altera\u00e7\u00f5es foi a desagrega\u00e7\u00e3o do saldo das opera\u00e7\u00f5es de cr\u00e9dito por setor de atividade econ\u00f4mica. Passou ainda a existir maior detalhamento em cada setor de atividade. Em fun\u00e7\u00e3o da mudan\u00e7a, v\u00e1rias s\u00e9ries hist\u00f3ricas foram revisadas.<\/p>\n<p>O chefe do Departamento Econ\u00f4mico do Banco Central, Tulio Maciel, disse que a redu\u00e7\u00e3o no estoque das opera\u00e7\u00f5es de cr\u00e9dito no in\u00edcio do ano \u00e9 comum. Ele destacou o fato de o recuo ter sido puxado pelo cr\u00e9dito para pessoas jur\u00eddicas. \u201cO cr\u00e9dito \u00e0s empresas em janeiro \u00e9 mais fraco e isso reflete na redu\u00e7\u00e3o do saldo como um todo. No ano passado, n\u00e3o houve redu\u00e7\u00e3o, porque o crescimento do cr\u00e9dito direcionado foi maior\u201d, analisou. Maciel previu que, a partir de fevereiro, a tend\u00eancia \u00e9 a retomada do saldo das opera\u00e7\u00f5es de cr\u00e9dito.<\/p>\n<p>Mariana Branco &#8211; Rep\u00f3rter da Ag\u00eancia Brasil<br \/>\nEdi\u00e7\u00e3o: Jos\u00e9 Romildo<\/p>\n","protected":false},"excerpt":{"rendered":"<p>As opera\u00e7\u00f5es de cr\u00e9dito do sistema financeiro somaram R$ 3,013 trilh\u00f5es em janeiro, com queda de 0,2% no m\u00eas e alta de 11% em doze meses. O montante representou 58,5% do Produto Interno Bruto (PIB, soma dos bens e servi\u00e7os produzidos em um pa\u00eds). Em dezembro, esse percentual chegou a 58,9% e, em janeiro de [&hellip;]<\/p>\n","protected":false},"author":2,"featured_media":38938,"comment_status":"open","ping_status":"closed","sticky":false,"template":"","format":"standard","meta":{"_genesis_hide_title":false,"_genesis_hide_breadcrumbs":false,"_genesis_hide_singular_image":false,"_genesis_hide_footer_widgets":false,"_genesis_custom_body_class":"","_genesis_custom_post_class":"","_genesis_layout":"","_jetpack_memberships_contains_paid_content":false,"footnotes":""},"categories":[22,7],"tags":[],"class_list":{"0":"post-66931","1":"post","2":"type-post","3":"status-publish","4":"format-standard","5":"has-post-thumbnail","7":"category-brasil","8":"category-economia","9":"entry","10":"gs-1","11":"gs-odd","12":"gs-even","13":"gs-featured-content-entry"},"jetpack_featured_media_url":"https:\/\/www.redenoticia.com.br\/noticia\/imagens\/economia1.jpg","jetpack_sharing_enabled":true,"jetpack_likes_enabled":true,"_links":{"self":[{"href":"https:\/\/www.redenoticia.com.br\/noticia\/wp-json\/wp\/v2\/posts\/66931","targetHints":{"allow":["GET"]}}],"collection":[{"href":"https:\/\/www.redenoticia.com.br\/noticia\/wp-json\/wp\/v2\/posts"}],"about":[{"href":"https:\/\/www.redenoticia.com.br\/noticia\/wp-json\/wp\/v2\/types\/post"}],"author":[{"embeddable":true,"href":"https:\/\/www.redenoticia.com.br\/noticia\/wp-json\/wp\/v2\/users\/2"}],"replies":[{"embeddable":true,"href":"https:\/\/www.redenoticia.com.br\/noticia\/wp-json\/wp\/v2\/comments?post=66931"}],"version-history":[{"count":0,"href":"https:\/\/www.redenoticia.com.br\/noticia\/wp-json\/wp\/v2\/posts\/66931\/revisions"}],"wp:featuredmedia":[{"embeddable":true,"href":"https:\/\/www.redenoticia.com.br\/noticia\/wp-json\/wp\/v2\/media\/38938"}],"wp:attachment":[{"href":"https:\/\/www.redenoticia.com.br\/noticia\/wp-json\/wp\/v2\/media?parent=66931"}],"wp:term":[{"taxonomy":"category","embeddable":true,"href":"https:\/\/www.redenoticia.com.br\/noticia\/wp-json\/wp\/v2\/categories?post=66931"},{"taxonomy":"post_tag","embeddable":true,"href":"https:\/\/www.redenoticia.com.br\/noticia\/wp-json\/wp\/v2\/tags?post=66931"}],"curies":[{"name":"wp","href":"https:\/\/api.w.org\/{rel}","templated":true}]}}