{"id":66929,"date":"2015-02-25T16:07:31","date_gmt":"2015-02-25T19:07:31","guid":{"rendered":"http:\/\/www.redenoticia.com.br\/noticia\/?p=66929"},"modified":"2015-02-25T16:07:31","modified_gmt":"2015-02-25T19:07:31","slug":"confianca-do-consumidor-sofre-nova-queda-e-atinge-menor-nivel-desde-2005","status":"publish","type":"post","link":"https:\/\/www.redenoticia.com.br\/noticia\/2015\/confianca-do-consumidor-sofre-nova-queda-e-atinge-menor-nivel-desde-2005\/66929","title":{"rendered":"Confian\u00e7a do consumidor sofre nova queda e atinge menor n\u00edvel desde 2005"},"content":{"rendered":"<p> A acelera\u00e7\u00e3o da infla\u00e7\u00e3o, os juros altos e a piora das condi\u00e7\u00f5es do mercado de trabalho levaram o <strong><em>\u00cdndice de Confian\u00e7a do Consumidor<\/em><\/strong> (ICC) do Instituto Brasileiro de Economia (Ibre) da Funda\u00e7\u00e3o Getulio Vargas (FGV) a atingir novo recorde negativo na s\u00e9rie hist\u00f3rica, iniciada em setembro de 2005.<\/p>\n<p>Dados divulgados pelo Ibre mostram que, em fevereiro, o ICC recuou 4,9%, em rela\u00e7\u00e3o a janeiro deste ano, passando de 89,8 para 85,4 pontos, a segunda queda consecutiva do indicador. Com o resultado, o ICC ficou 9,3 pontos abaixo do m\u00ednimo registrado na crise internacional de 2008-2009, de 94,7 pontos. Entre janeiro deste ano e dezembro do ano passado, a queda havia sido ainda maior: 6,7%.<\/p>\n<p>Segundo o Ibre, a queda do ICC foi motivada tanto pela piora da situa\u00e7\u00e3o atual quanto das expectativas. De janeiro para fevereiro, o \u00cdndice de Situa\u00e7\u00e3o Atual (ISA) caiu 7%, de 88,5 para 82,3 pontos; enquanto o \u00cdndice de Expectativas (IE) recuou 4,2%, ao passar de 90,8 para 87 pontos. Os dois \u00edndices tamb\u00e9m encontram-se em n\u00edveis m\u00ednimos hist\u00f3ricos.<\/p>\n<p> \u201cA combina\u00e7\u00e3o de acelera\u00e7\u00e3o da infla\u00e7\u00e3o, manuten\u00e7\u00e3o da tend\u00eancia de alta dos juros, piores perspectivas para o mercado de trabalho, al\u00e9m do aumento do risco de racionamento h\u00eddrico e energ\u00e9tico, deflagrou uma onda de pessimismo entre os consumidores brasileiros no in\u00edcio de 2015. Essa percep\u00e7\u00e3o negativa sobre os rumos da economia deve contribuir para aprofundar a desacelera\u00e7\u00e3o do n\u00edvel de atividade\u201d, avaliou o especialista em an\u00e1lises econ\u00f4mica do Ibre-FGV Tabi Thuler Santos.<\/p>\n<p>As informa\u00e7\u00f5es do Ibre indicam ainda que a maior contribui\u00e7\u00e3o negativa para a queda do \u00cdndice de Situa\u00e7\u00e3o Atual veio do indicador que mede o grau de satisfa\u00e7\u00e3o com a situa\u00e7\u00e3o econ\u00f4mica atual, que registra o menor patamar da s\u00e9rie hist\u00f3rica pelo segundo m\u00eas consecutivo. \u201cA propor\u00e7\u00e3o de consumidores afirmando que a situa\u00e7\u00e3o da economia est\u00e1 boa caiu de 6%, em janeiro, para 5,8% do total, em fevereiro, enquanto a parcela dos que a consideram ruim aumentou de 61,8% para 71,6% no mesmo per\u00edodo\u201d, informa o documento.<\/p>\n<p>Em rela\u00e7\u00e3o ao futuro pr\u00f3ximo, as expectativas tamb\u00e9m n\u00e3o s\u00e3o favor\u00e1veis. O indicador de otimismo com a situa\u00e7\u00e3o econ\u00f4mica nos seis meses seguintes caiu de 77,6 para 69,2 pontos, aprofundando o m\u00ednimo hist\u00f3rico j\u00e1 atingido em janeiro. A parcela de consumidores prevendo melhora diminuiu de 16,6% para 14,9%. J\u00e1 o grupo dos que preveem piora aumentou de 39,0% para 45,7% do total.<\/p>\n<p>A edi\u00e7\u00e3o de fevereiro de 2015 coletou informa\u00e7\u00f5es de 2.091 domic\u00edlios entre os dias 31 de Janeiro e 21 de Fevereiro. A pr\u00f3xima divulga\u00e7\u00e3o da Sondagem do Consumidor ocorrer\u00e1 em 25 de mar\u00e7o de 2015.<\/p>\n<p>Nielmar de Oliveira &#8211; Rep\u00f3rter da Ag\u00eancia Brasil<br \/>\nEdi\u00e7\u00e3o: Jos\u00e9 Romildo<\/p>\n","protected":false},"excerpt":{"rendered":"<p>A acelera\u00e7\u00e3o da infla\u00e7\u00e3o, os juros altos e a piora das condi\u00e7\u00f5es do mercado de trabalho levaram o \u00cdndice de Confian\u00e7a do Consumidor (ICC) do Instituto Brasileiro de Economia (Ibre) da Funda\u00e7\u00e3o Getulio Vargas (FGV) a atingir novo recorde negativo na s\u00e9rie hist\u00f3rica, iniciada em setembro de 2005. Dados divulgados pelo Ibre mostram que, em [&hellip;]<\/p>\n","protected":false},"author":2,"featured_media":40517,"comment_status":"open","ping_status":"closed","sticky":false,"template":"","format":"standard","meta":{"_genesis_hide_title":false,"_genesis_hide_breadcrumbs":false,"_genesis_hide_singular_image":false,"_genesis_hide_footer_widgets":false,"_genesis_custom_body_class":"","_genesis_custom_post_class":"","_genesis_layout":"","_jetpack_memberships_contains_paid_content":false,"footnotes":""},"categories":[22,7],"tags":[],"class_list":{"0":"post-66929","1":"post","2":"type-post","3":"status-publish","4":"format-standard","5":"has-post-thumbnail","7":"category-brasil","8":"category-economia","9":"entry","10":"gs-1","11":"gs-odd","12":"gs-even","13":"gs-featured-content-entry"},"jetpack_featured_media_url":"https:\/\/www.redenoticia.com.br\/noticia\/imagens\/economia-previsao.jpg","jetpack_sharing_enabled":true,"jetpack_likes_enabled":true,"_links":{"self":[{"href":"https:\/\/www.redenoticia.com.br\/noticia\/wp-json\/wp\/v2\/posts\/66929","targetHints":{"allow":["GET"]}}],"collection":[{"href":"https:\/\/www.redenoticia.com.br\/noticia\/wp-json\/wp\/v2\/posts"}],"about":[{"href":"https:\/\/www.redenoticia.com.br\/noticia\/wp-json\/wp\/v2\/types\/post"}],"author":[{"embeddable":true,"href":"https:\/\/www.redenoticia.com.br\/noticia\/wp-json\/wp\/v2\/users\/2"}],"replies":[{"embeddable":true,"href":"https:\/\/www.redenoticia.com.br\/noticia\/wp-json\/wp\/v2\/comments?post=66929"}],"version-history":[{"count":0,"href":"https:\/\/www.redenoticia.com.br\/noticia\/wp-json\/wp\/v2\/posts\/66929\/revisions"}],"wp:featuredmedia":[{"embeddable":true,"href":"https:\/\/www.redenoticia.com.br\/noticia\/wp-json\/wp\/v2\/media\/40517"}],"wp:attachment":[{"href":"https:\/\/www.redenoticia.com.br\/noticia\/wp-json\/wp\/v2\/media?parent=66929"}],"wp:term":[{"taxonomy":"category","embeddable":true,"href":"https:\/\/www.redenoticia.com.br\/noticia\/wp-json\/wp\/v2\/categories?post=66929"},{"taxonomy":"post_tag","embeddable":true,"href":"https:\/\/www.redenoticia.com.br\/noticia\/wp-json\/wp\/v2\/tags?post=66929"}],"curies":[{"name":"wp","href":"https:\/\/api.w.org\/{rel}","templated":true}]}}