{"id":66868,"date":"2015-02-24T15:44:25","date_gmt":"2015-02-24T18:44:25","guid":{"rendered":"http:\/\/www.redenoticia.com.br\/noticia\/?p=66868"},"modified":"2015-02-24T15:44:25","modified_gmt":"2015-02-24T18:44:25","slug":"previa-da-inflacao-oficial-tem-maior-taxa-desde-2003","status":"publish","type":"post","link":"https:\/\/www.redenoticia.com.br\/noticia\/2015\/previa-da-inflacao-oficial-tem-maior-taxa-desde-2003\/66868","title":{"rendered":"Pr\u00e9via da infla\u00e7\u00e3o oficial tem maior taxa desde 2003"},"content":{"rendered":"<p> O \u00cdndice Nacional de Pre\u00e7os ao Consumidor Amplo 15 (IPCA-15), uma pr\u00e9via da <strong><em>infla\u00e7\u00e3o<\/em><\/strong> oficial do governo, fechou o m\u00eas de fevereiro com varia\u00e7\u00e3o de 1,33%, a maior alta desde fevereiro de 2003, quando atingiu 2,19%. Segundo dados divulgados pelo Instituto Brasileiro de Geografia e Estat\u00edstica (IBGE), o IPCA-15 ficou 0,44 ponto percentual acima da taxa de janeiro (0,89%).<\/p>\n<p>O IPCA-15 tem por objetivo medir a infla\u00e7\u00e3o de um conjunto de produtos e servi\u00e7os comercializados no varejo, referentes ao consumo pessoal das fam\u00edlias, cujo rendimento varia entre um e 40 sal\u00e1rios m\u00ednimos, qualquer que seja a fonte de rendimentos.<\/p>\n<p>Com a alta de fevereiro, o IPCA-15 acumulado para os dois primeiros meses do ano ficou em  2,33%, com a alta acumulada nos \u00faltimos 12 meses (a taxa anualizada) fechando em 7,36%. O IPCA-15 tem a mesma metodologia do IPCA, abrange as mesmas regi\u00f5es envolvidas na pesquisa e a mesma faixa de renda, mas tem per\u00edodo de coleta diferenciada \u2013 \u00faltima metade do m\u00eas anterior e a primeira do m\u00eas de refer\u00eancia. <\/p>\n<p>A alta de pre\u00e7os j\u00e1 era esperada, inclusive pelo IBGE, uma vez que a infla\u00e7\u00e3o de fevereiro reflete a alta de pre\u00e7os de diversos pre\u00e7os administrados pelo governo, como mensalidades escolares, combust\u00edveis e tarifas de energia.<\/p>\n<p>No grupo educa\u00e7\u00e3o, por exemplo, a alta de 5,98% registrada reflete os reajustes no in\u00edcio do ano letivo, especialmente os aumentos nas mensalidades dos cursos regulares, que subiram 7,29%.<\/p>\n<p>J\u00e1 no grupo transportes (1,98%), a alta reflete, principalmente, os reajustes ocorridos nas tarifas dos \u00f4nibus urbanos (7,34%), como consequ\u00eancia dos impactos das eleva\u00e7\u00f5es dos pre\u00e7os das tarifas. A alta de 0,85% no grupo alimenta\u00e7\u00e3o e bebidas, reflete os fortes aumentos de alguns produtos, como o feij\u00e3o carioca. Este subiu 10,07%.<\/p>\n<p>Regionalmente, o IBGE aponta o Rio de Janeiro e S\u00e3o Paulo como os que registraram os maiores \u00edndices: 1,59% e 1,58%, respectivamente. No caso do Rio de Janeiro, houve press\u00e3o da alta nas tarifas do \u00f4nibus urbano, que correspondeu a 8,28%. J\u00e1 em S\u00e3o Paulo, a energia el\u00e9trica subiu 12,17%, enquanto os \u00f4nibus urbanos tiveram reajuste de 12,18%.<\/p>\n<p>Para o c\u00e1lculo do IPCA &#8211; 15 deste m\u00eas de fevereiro, os pre\u00e7os foram coletados no per\u00edodo de 14 de janeiro a 11 de fevereiro de 2015.<\/p>\n<p>Nielmar de Oliveira &#8211; Rep\u00f3rter da Ag\u00eancia Brasil<br \/>\nEdi\u00e7\u00e3o: Jos\u00e9 Romildo<\/p>\n","protected":false},"excerpt":{"rendered":"<p>O \u00cdndice Nacional de Pre\u00e7os ao Consumidor Amplo 15 (IPCA-15), uma pr\u00e9via da infla\u00e7\u00e3o oficial do governo, fechou o m\u00eas de fevereiro com varia\u00e7\u00e3o de 1,33%, a maior alta desde fevereiro de 2003, quando atingiu 2,19%. Segundo dados divulgados pelo Instituto Brasileiro de Geografia e Estat\u00edstica (IBGE), o IPCA-15 ficou 0,44 ponto percentual acima da [&hellip;]<\/p>\n","protected":false},"author":2,"featured_media":57584,"comment_status":"open","ping_status":"closed","sticky":false,"template":"","format":"standard","meta":{"_genesis_hide_title":false,"_genesis_hide_breadcrumbs":false,"_genesis_hide_singular_image":false,"_genesis_hide_footer_widgets":false,"_genesis_custom_body_class":"","_genesis_custom_post_class":"","_genesis_layout":"","_jetpack_memberships_contains_paid_content":false,"footnotes":""},"categories":[22,7],"tags":[],"class_list":{"0":"post-66868","1":"post","2":"type-post","3":"status-publish","4":"format-standard","5":"has-post-thumbnail","7":"category-brasil","8":"category-economia","9":"entry","10":"gs-1","11":"gs-odd","12":"gs-even","13":"gs-featured-content-entry"},"jetpack_featured_media_url":"https:\/\/www.redenoticia.com.br\/noticia\/imagens\/economia-grafica-analise-inflacao.jpg","jetpack_sharing_enabled":true,"jetpack_likes_enabled":true,"_links":{"self":[{"href":"https:\/\/www.redenoticia.com.br\/noticia\/wp-json\/wp\/v2\/posts\/66868","targetHints":{"allow":["GET"]}}],"collection":[{"href":"https:\/\/www.redenoticia.com.br\/noticia\/wp-json\/wp\/v2\/posts"}],"about":[{"href":"https:\/\/www.redenoticia.com.br\/noticia\/wp-json\/wp\/v2\/types\/post"}],"author":[{"embeddable":true,"href":"https:\/\/www.redenoticia.com.br\/noticia\/wp-json\/wp\/v2\/users\/2"}],"replies":[{"embeddable":true,"href":"https:\/\/www.redenoticia.com.br\/noticia\/wp-json\/wp\/v2\/comments?post=66868"}],"version-history":[{"count":0,"href":"https:\/\/www.redenoticia.com.br\/noticia\/wp-json\/wp\/v2\/posts\/66868\/revisions"}],"wp:featuredmedia":[{"embeddable":true,"href":"https:\/\/www.redenoticia.com.br\/noticia\/wp-json\/wp\/v2\/media\/57584"}],"wp:attachment":[{"href":"https:\/\/www.redenoticia.com.br\/noticia\/wp-json\/wp\/v2\/media?parent=66868"}],"wp:term":[{"taxonomy":"category","embeddable":true,"href":"https:\/\/www.redenoticia.com.br\/noticia\/wp-json\/wp\/v2\/categories?post=66868"},{"taxonomy":"post_tag","embeddable":true,"href":"https:\/\/www.redenoticia.com.br\/noticia\/wp-json\/wp\/v2\/tags?post=66868"}],"curies":[{"name":"wp","href":"https:\/\/api.w.org\/{rel}","templated":true}]}}