{"id":66866,"date":"2015-02-24T15:38:11","date_gmt":"2015-02-24T18:38:11","guid":{"rendered":"http:\/\/www.redenoticia.com.br\/noticia\/?p=66866"},"modified":"2015-02-24T15:38:11","modified_gmt":"2015-02-24T18:38:11","slug":"transacoes-correntes-tem-deficit-de-us-106-bilhoes-em-janeiro","status":"publish","type":"post","link":"https:\/\/www.redenoticia.com.br\/noticia\/2015\/transacoes-correntes-tem-deficit-de-us-106-bilhoes-em-janeiro\/66866","title":{"rendered":"Transa\u00e7\u00f5es correntes t\u00eam d\u00e9ficit de US$ 10,6 bilh\u00f5es em janeiro"},"content":{"rendered":"<p> O <strong><em>saldo da compras e venda de mercadorias e servi\u00e7os<\/em><\/strong> do Brasil com o resto do mundo \u2013 as chamadas transa\u00e7\u00f5es correntes \u2013 ficou negativo em US$ 10,654 bilh\u00f5es em janeiro de 2015. O saldo negativo \u00e9 inferior ao d\u00e9ficit de US$ 11,574 bilh\u00f5es registrado em janeiro de 2014, que foi o maior desde o come\u00e7o da s\u00e9rie hist\u00f3rica, iniciada pelo Banco Central (BC) em 1980. Os dados foram divulgados pelo BC.<\/p>\n<p>A conta de servi\u00e7os (viagens internacionais, transportes, aluguel de equipamentos e seguros) teve d\u00e9ficit de US$ 3,612 bilh\u00f5es, valor superior aos US$ 3,337 bilh\u00f5es do ano passado. Na conta espec\u00edfica de viagens internacionais, o d\u00e9ficit ficou em US$ 1,652 bilh\u00e3o, superando o US$ 1,477 bilh\u00e3o do ano passado.<\/p>\n<p>O saldo comercial (diferen\u00e7a entre exporta\u00e7\u00f5es e importa\u00e7\u00f5es) ficou negativo em US$ 3,174 bilh\u00f5es, em compara\u00e7\u00e3o a US$ 4 bilh\u00f5es em janeiro de 2014. O valor resulta de US$ 13,704 bilh\u00f5es em exporta\u00e7\u00f5es e US$ 16,878 em importa\u00e7\u00f5es.<\/p>\n<p>Na conta de rendas (remessa de lucros e dividendos, pagamento de juros e sal\u00e1rios), houve d\u00e9ficit de US$ 3,965 bilh\u00f5es contra US$ 4,379 bilh\u00f5es no mesmo m\u00eas do ano passado.<\/p>\n<p>Os investimentos estrangeiros diretos (IED) somaram ingressos l\u00edquidos de US$ 3,968 bilh\u00f5es contra US$ 5,1 bilh\u00f5es em janeiro de 2014. Em doze meses, somam US$ 61,3 bilh\u00f5es. A proje\u00e7\u00e3o do BC \u00e9 que o IED encerre o ano em US$ 65 bilh\u00f5es. As reservas internacionais totalizaram US$ 372,2 bilh\u00f5es em janeiro de 2015, com redu\u00e7\u00e3o de US$ 1,9 bilh\u00e3o em rela\u00e7\u00e3o ao m\u00eas anterior.<\/p>\n<p>O saldo de transa\u00e7\u00f5es correntes havia encerrado 2014 negativo em US$ 90,9 bilh\u00f5es, maior d\u00e9ficit anual j\u00e1 registrado, superando o recorde de 2013, quando houve d\u00e9ficit de US$ 81,8 bilh\u00f5es.<\/p>\n<p>Mariana Branco &#8211; Rep\u00f3rter da Ag\u00eancia Brasil<br \/>\nEdi\u00e7\u00e3o: Jos\u00e9 Romildo<\/p>\n","protected":false},"excerpt":{"rendered":"<p>O saldo da compras e venda de mercadorias e servi\u00e7os do Brasil com o resto do mundo \u2013 as chamadas transa\u00e7\u00f5es correntes \u2013 ficou negativo em US$ 10,654 bilh\u00f5es em janeiro de 2015. O saldo negativo \u00e9 inferior ao d\u00e9ficit de US$ 11,574 bilh\u00f5es registrado em janeiro de 2014, que foi o maior desde o [&hellip;]<\/p>\n","protected":false},"author":2,"featured_media":40734,"comment_status":"open","ping_status":"closed","sticky":false,"template":"","format":"standard","meta":{"_genesis_hide_title":false,"_genesis_hide_breadcrumbs":false,"_genesis_hide_singular_image":false,"_genesis_hide_footer_widgets":false,"_genesis_custom_body_class":"","_genesis_custom_post_class":"","_genesis_layout":"","_jetpack_memberships_contains_paid_content":false,"footnotes":""},"categories":[22,7],"tags":[],"class_list":{"0":"post-66866","1":"post","2":"type-post","3":"status-publish","4":"format-standard","5":"has-post-thumbnail","7":"category-brasil","8":"category-economia","9":"entry","10":"gs-1","11":"gs-odd","12":"gs-even","13":"gs-featured-content-entry"},"jetpack_featured_media_url":"https:\/\/www.redenoticia.com.br\/noticia\/imagens\/economia-resultados.jpg","jetpack_sharing_enabled":true,"jetpack_likes_enabled":true,"_links":{"self":[{"href":"https:\/\/www.redenoticia.com.br\/noticia\/wp-json\/wp\/v2\/posts\/66866","targetHints":{"allow":["GET"]}}],"collection":[{"href":"https:\/\/www.redenoticia.com.br\/noticia\/wp-json\/wp\/v2\/posts"}],"about":[{"href":"https:\/\/www.redenoticia.com.br\/noticia\/wp-json\/wp\/v2\/types\/post"}],"author":[{"embeddable":true,"href":"https:\/\/www.redenoticia.com.br\/noticia\/wp-json\/wp\/v2\/users\/2"}],"replies":[{"embeddable":true,"href":"https:\/\/www.redenoticia.com.br\/noticia\/wp-json\/wp\/v2\/comments?post=66866"}],"version-history":[{"count":0,"href":"https:\/\/www.redenoticia.com.br\/noticia\/wp-json\/wp\/v2\/posts\/66866\/revisions"}],"wp:featuredmedia":[{"embeddable":true,"href":"https:\/\/www.redenoticia.com.br\/noticia\/wp-json\/wp\/v2\/media\/40734"}],"wp:attachment":[{"href":"https:\/\/www.redenoticia.com.br\/noticia\/wp-json\/wp\/v2\/media?parent=66866"}],"wp:term":[{"taxonomy":"category","embeddable":true,"href":"https:\/\/www.redenoticia.com.br\/noticia\/wp-json\/wp\/v2\/categories?post=66866"},{"taxonomy":"post_tag","embeddable":true,"href":"https:\/\/www.redenoticia.com.br\/noticia\/wp-json\/wp\/v2\/tags?post=66866"}],"curies":[{"name":"wp","href":"https:\/\/api.w.org\/{rel}","templated":true}]}}