{"id":66864,"date":"2015-02-24T15:33:53","date_gmt":"2015-02-24T18:33:53","guid":{"rendered":"http:\/\/www.redenoticia.com.br\/noticia\/?p=66864"},"modified":"2015-02-24T15:33:53","modified_gmt":"2015-02-24T18:33:53","slug":"tabela-estabelece-parametros-para-precos-de-combustiveis","status":"publish","type":"post","link":"https:\/\/www.redenoticia.com.br\/noticia\/2015\/tabela-estabelece-parametros-para-precos-de-combustiveis\/66864","title":{"rendered":"Tabela estabelece par\u00e2metros para pre\u00e7os de combust\u00edveis"},"content":{"rendered":"<p> O Conselho Nacional de Pol\u00edtica Fazend\u00e1ria (Confaz) publicou no Di\u00e1rio Oficial da Uni\u00e3o nova tabela com os pre\u00e7os de combust\u00edveis a serem usados como o valor m\u00e9dio ao consumidor em 15 estados e no Distrito Federal, a partir de 1\u00ba de mar\u00e7o.<\/p>\n<p>\u00c9 a terceira tabela com os pre\u00e7os de refer\u00eancia divulgada neste ano. Ela traz par\u00e2metros do Confaz para os estados de Alagoas, do Amazonas, de Goi\u00e1s, do Maranh\u00e3o, do Par\u00e1, da Para\u00edba, de Pernambuco, do Paran\u00e1, do Rio de Janeiro, do Rio Grande do Norte, de Rond\u00f4nia, de Santa Catarina, de S\u00e3o Paulo, de Sergipe e do Distrito Federal.<\/p>\n<p>O Confaz \u00e9 constitu\u00eddo pelos secret\u00e1rios de Fazenda, Finan\u00e7as ou Tributa\u00e7\u00e3o de cada estado e do Distrito Federal. \u00c9 presidido pelo ministro da Fazenda. O objetivo do Confaz \u00e9 adotar medidas para  aperfei\u00e7oar a pol\u00edtica fiscal dos estados e torn\u00e1-la compat\u00edvel com as leis da Federa\u00e7\u00e3o.<\/p>\n<p>Pela tabela, no Distrito Federal, o pre\u00e7o m\u00e9dio da gasolina, a partir de 1\u00ba de mar\u00e7o, ser\u00e1 R$ 3,45. No Plano Piloto, \u00e1rea nobre de Bras\u00edlia, entretanto, alguns postos j\u00e1 cobram R$ 3,54 pelo litro do combust\u00edvel. Uma rede de postos da capital est\u00e1 cobrando R$ 3,42, mas j\u00e1 informou que a nova tabela implicar\u00e1 reajuste no pre\u00e7o ao consumidor assim que o atual estoque terminar.<\/p>\n<p>No in\u00edcio do ano, o governo aumentou os tributos sobre o pre\u00e7o da gasolina. Segundo a Secretaria de Fazenda do Distrito Federal, o reajuste m\u00e9dio sofreu o impacto do aumento do PIS\/Cofins (Programa de Integra\u00e7\u00e3o Social\/Contribui\u00e7\u00e3o para o Financiamento da Seguridade Social), com efeito cascata no Imposto sobre Circula\u00e7\u00e3o de Mercadorias e Servi\u00e7os (ICMS). A eleva\u00e7\u00e3o do PIS\/Cofins foi publicada no Di\u00e1rio Oficial da Uni\u00e3o no fim de janeiro como uma das medidas para aumento da arrecada\u00e7\u00e3o pelo governo federal. Ao anunciar a medida, o ministro da Fazenda, Joaquim Levy, indicou que o aumento dos dois tributos seria correspondente, a R$ 0,22 por litro da gasolina e R$ 0,15 por litro do diesel.<\/p>\n<p>Da Ag\u00eancia Brasil<br \/>\nEdi\u00e7\u00e3o: Jos\u00e9 Romildo<\/p>\n","protected":false},"excerpt":{"rendered":"<p>O Conselho Nacional de Pol\u00edtica Fazend\u00e1ria (Confaz) publicou no Di\u00e1rio Oficial da Uni\u00e3o nova tabela com os pre\u00e7os de combust\u00edveis a serem usados como o valor m\u00e9dio ao consumidor em 15 estados e no Distrito Federal, a partir de 1\u00ba de mar\u00e7o. \u00c9 a terceira tabela com os pre\u00e7os de refer\u00eancia divulgada neste ano. Ela [&hellip;]<\/p>\n","protected":false},"author":2,"featured_media":34985,"comment_status":"open","ping_status":"closed","sticky":false,"template":"","format":"standard","meta":{"_genesis_hide_title":false,"_genesis_hide_breadcrumbs":false,"_genesis_hide_singular_image":false,"_genesis_hide_footer_widgets":false,"_genesis_custom_body_class":"","_genesis_custom_post_class":"","_genesis_layout":"","_jetpack_memberships_contains_paid_content":false,"footnotes":""},"categories":[22,7],"tags":[],"class_list":{"0":"post-66864","1":"post","2":"type-post","3":"status-publish","4":"format-standard","5":"has-post-thumbnail","7":"category-brasil","8":"category-economia","9":"entry","10":"gs-1","11":"gs-odd","12":"gs-even","13":"gs-featured-content-entry"},"jetpack_featured_media_url":"https:\/\/www.redenoticia.com.br\/noticia\/imagens\/combustivel.jpg","jetpack_sharing_enabled":true,"jetpack_likes_enabled":true,"_links":{"self":[{"href":"https:\/\/www.redenoticia.com.br\/noticia\/wp-json\/wp\/v2\/posts\/66864","targetHints":{"allow":["GET"]}}],"collection":[{"href":"https:\/\/www.redenoticia.com.br\/noticia\/wp-json\/wp\/v2\/posts"}],"about":[{"href":"https:\/\/www.redenoticia.com.br\/noticia\/wp-json\/wp\/v2\/types\/post"}],"author":[{"embeddable":true,"href":"https:\/\/www.redenoticia.com.br\/noticia\/wp-json\/wp\/v2\/users\/2"}],"replies":[{"embeddable":true,"href":"https:\/\/www.redenoticia.com.br\/noticia\/wp-json\/wp\/v2\/comments?post=66864"}],"version-history":[{"count":0,"href":"https:\/\/www.redenoticia.com.br\/noticia\/wp-json\/wp\/v2\/posts\/66864\/revisions"}],"wp:featuredmedia":[{"embeddable":true,"href":"https:\/\/www.redenoticia.com.br\/noticia\/wp-json\/wp\/v2\/media\/34985"}],"wp:attachment":[{"href":"https:\/\/www.redenoticia.com.br\/noticia\/wp-json\/wp\/v2\/media?parent=66864"}],"wp:term":[{"taxonomy":"category","embeddable":true,"href":"https:\/\/www.redenoticia.com.br\/noticia\/wp-json\/wp\/v2\/categories?post=66864"},{"taxonomy":"post_tag","embeddable":true,"href":"https:\/\/www.redenoticia.com.br\/noticia\/wp-json\/wp\/v2\/tags?post=66864"}],"curies":[{"name":"wp","href":"https:\/\/api.w.org\/{rel}","templated":true}]}}