{"id":66862,"date":"2015-02-24T15:31:50","date_gmt":"2015-02-24T18:31:50","guid":{"rendered":"http:\/\/www.redenoticia.com.br\/noticia\/?p=66862"},"modified":"2015-02-24T15:31:50","modified_gmt":"2015-02-24T18:31:50","slug":"maioria-dos-brasileiros-esta-pessimista-em-relacao-a-emprego-mostra-pesquisa","status":"publish","type":"post","link":"https:\/\/www.redenoticia.com.br\/noticia\/2015\/maioria-dos-brasileiros-esta-pessimista-em-relacao-a-emprego-mostra-pesquisa\/66862","title":{"rendered":"Maioria dos brasileiros est\u00e1 pessimista em rela\u00e7\u00e3o a emprego, mostra pesquisa"},"content":{"rendered":"<p> Pesquisa divulgada pelo Instituto Data Popular revela que 75% dos brasileiros acreditam que o ano de 2015 ser\u00e1 pior do que 2014 para o pa\u00eds, em termos de <strong><em>emprego<\/em><\/strong>. A sondagem foi feita entre os dias 26 de janeiro e 1\u00ba de fevereiro, com 78.222 entrevistados de 259 cidades.<\/p>\n<p>O pessimismo \u00e9 maior na faixa de 35 anos a 60 anos de idade (em torno de 78%) e predomina nas regi\u00f5es Sul (81%) e Sudeste (75%), disse o presidente do Data Popular, Renato Meirelles. No Nordeste, a percep\u00e7\u00e3o de piora do emprego \u00e9 mais baixa (68%). Entre os jovens com 16 a 24 anos de idade, h\u00e1 maior otimismo em rela\u00e7\u00e3o \u00e0 quest\u00e3o do emprego no pa\u00eds, este ano. O \u00edndice atingiu 34%.<\/p>\n<p>Quando indagados sobre a possibilidade de aumento ou redu\u00e7\u00e3o de impostos durante 2015, 62% dos brasileiros disseram que v\u00e3o aumentar. \u201cIsso \u00e9 maior entre os homens (70%) do que entre as mulheres (56%) e tamb\u00e9m maior na Regi\u00e3o Sul (81%)\u201d. De novo, o Nordeste se mostra mais otimista, com expectativa de diminui\u00e7\u00e3o de impostos para 46% dos consultados.<\/p>\n<p>Em rela\u00e7\u00e3o a pre\u00e7os, a maioria absoluta dos entrevistados (85%) acham  que seguir\u00e3o em ritmo crescente. A Regi\u00e3o Sul continua a mais pessimista do pa\u00eds, com 90% de respostas que os pre\u00e7os continuar\u00e3o em alta. Renato Meirelles explicou que no sul do pa\u00eds h\u00e1 uma maior concentra\u00e7\u00e3o de pessoas das classes A e B. A regi\u00e3o apresenta uma economia que historicamente vem crescendo menos em compara\u00e7\u00e3o ao restante do Brasil, nos \u00faltimos dez anos.<\/p>\n<p>Apesar do cen\u00e1rio nacional econ\u00f4mico adverso, 55% das pessoas apostam que sua vida pessoal vai melhorar em 2015. \u201cO brasileiro vai fazer a parte dele\u201d. Nesse item, as regi\u00f5es Centro-Oeste (65%) e Nordeste (62%) s\u00e3o as mais otimistas, enquanto o Sul se mant\u00e9m pessimista: 55% acham que a vida pessoal vai piorar este ano. \u201cO Sul \u00e9 a \u00fanica regi\u00e3o em que tenho mais pessimistas do que otimistas\u201d, disse.<\/p>\n<p>Meirelles acrescentou que a maioria absoluta da popula\u00e7\u00e3o brasileira \u00e9 formada pela classe C. \u201cE para esta classe C, crise n\u00e3o \u00e9 exce\u00e7\u00e3o. Crise \u00e9 regra. Tenho hoje 42% da classe C que est\u00e3o fazendo \u201cbico\u201d (trabalho tempor\u00e1rio ou pequeno servi\u00e7o) para conseguir uma renda extra.  Eles est\u00e3o ligando para o vizinho para fazer compra no atacado ao inv\u00e9s de fazer no varejo. A classe C est\u00e1 se virando mais do que no passado\u201d.<\/p>\n<p>Sobre sal\u00e1rios, a pesquisa revela que mais da metade dos brasileiros, ou o equivalente a 52%, avaliam que n\u00e3o haver\u00e1 aumento em 2015, 36% acham que v\u00e3o ter aumento abaixo da infla\u00e7\u00e3o e apenas 5% acreditam que vai ter aumento real, isto \u00e9, acima da infla\u00e7\u00e3o. \u201cA maioria absoluta acha que n\u00e3o vai ter aumento\u201d.<\/p>\n<p>Segundo informou Renato Meirelles, essa \u00e9 a primeira vez em 14 anos, desde que a pesquisa sobre o tema foi iniciada pelo Instituto Data Popular, que os \u00edndices s\u00e3o t\u00e3o pessimistas.<\/p>\n<p>Alana Gandra &#8211; Rep\u00f3rter da Ag\u00eancia Brasil<br \/>\nEdi\u00e7\u00e3o: Val\u00e9ria Aguiar<\/p>\n","protected":false},"excerpt":{"rendered":"<p>Pesquisa divulgada pelo Instituto Data Popular revela que 75% dos brasileiros acreditam que o ano de 2015 ser\u00e1 pior do que 2014 para o pa\u00eds, em termos de emprego. A sondagem foi feita entre os dias 26 de janeiro e 1\u00ba de fevereiro, com 78.222 entrevistados de 259 cidades. O pessimismo \u00e9 maior na faixa [&hellip;]<\/p>\n","protected":false},"author":2,"featured_media":38940,"comment_status":"open","ping_status":"closed","sticky":false,"template":"","format":"standard","meta":{"_genesis_hide_title":false,"_genesis_hide_breadcrumbs":false,"_genesis_hide_singular_image":false,"_genesis_hide_footer_widgets":false,"_genesis_custom_body_class":"","_genesis_custom_post_class":"","_genesis_layout":"","_jetpack_memberships_contains_paid_content":false,"footnotes":""},"categories":[22,7],"tags":[],"class_list":{"0":"post-66862","1":"post","2":"type-post","3":"status-publish","4":"format-standard","5":"has-post-thumbnail","7":"category-brasil","8":"category-economia","9":"entry","10":"gs-1","11":"gs-odd","12":"gs-even","13":"gs-featured-content-entry"},"jetpack_featured_media_url":"https:\/\/www.redenoticia.com.br\/noticia\/imagens\/grafico.jpg","jetpack_sharing_enabled":true,"jetpack_likes_enabled":true,"_links":{"self":[{"href":"https:\/\/www.redenoticia.com.br\/noticia\/wp-json\/wp\/v2\/posts\/66862","targetHints":{"allow":["GET"]}}],"collection":[{"href":"https:\/\/www.redenoticia.com.br\/noticia\/wp-json\/wp\/v2\/posts"}],"about":[{"href":"https:\/\/www.redenoticia.com.br\/noticia\/wp-json\/wp\/v2\/types\/post"}],"author":[{"embeddable":true,"href":"https:\/\/www.redenoticia.com.br\/noticia\/wp-json\/wp\/v2\/users\/2"}],"replies":[{"embeddable":true,"href":"https:\/\/www.redenoticia.com.br\/noticia\/wp-json\/wp\/v2\/comments?post=66862"}],"version-history":[{"count":0,"href":"https:\/\/www.redenoticia.com.br\/noticia\/wp-json\/wp\/v2\/posts\/66862\/revisions"}],"wp:featuredmedia":[{"embeddable":true,"href":"https:\/\/www.redenoticia.com.br\/noticia\/wp-json\/wp\/v2\/media\/38940"}],"wp:attachment":[{"href":"https:\/\/www.redenoticia.com.br\/noticia\/wp-json\/wp\/v2\/media?parent=66862"}],"wp:term":[{"taxonomy":"category","embeddable":true,"href":"https:\/\/www.redenoticia.com.br\/noticia\/wp-json\/wp\/v2\/categories?post=66862"},{"taxonomy":"post_tag","embeddable":true,"href":"https:\/\/www.redenoticia.com.br\/noticia\/wp-json\/wp\/v2\/tags?post=66862"}],"curies":[{"name":"wp","href":"https:\/\/api.w.org\/{rel}","templated":true}]}}