{"id":66860,"date":"2015-02-24T15:28:18","date_gmt":"2015-02-24T18:28:18","guid":{"rendered":"http:\/\/www.redenoticia.com.br\/noticia\/?p=66860"},"modified":"2015-02-24T15:28:18","modified_gmt":"2015-02-24T18:28:18","slug":"dicas-para-participar-da-vida-escolar-dos-filhos","status":"publish","type":"post","link":"https:\/\/www.redenoticia.com.br\/noticia\/2015\/dicas-para-participar-da-vida-escolar-dos-filhos\/66860","title":{"rendered":"Dicas para participar da vida escolar dos filhos"},"content":{"rendered":"<p> Pesquisa realizada pela Secretaria da Educa\u00e7\u00e3o SP mostra que os pais e respons\u00e1veis por alunos da rede estadual participam da <strong><em>vida escolar dos filhos<\/em><\/strong>. O estudo mostra que 85% deles ajudam os filhos durante o dever de casa. Entre os alunos do 2\u00ba ano, mais de 92% participam da li\u00e7\u00e3o de casa. Os estudantes do 3\u00ba, 5\u00ba, 7\u00ba e 9\u00ba ano e da 3\u00aa s\u00e9rie do Ensino M\u00e9dio tamb\u00e9m participaram do levantamento.<\/p>\n<p> Os pais dos jovens do Ensino M\u00e9dio tamb\u00e9m t\u00eam o h\u00e1bito de acompanhar os filhos no dever de casa: 71,2% contribuem, ao menos uma vez por semana, com a li\u00e7\u00e3o de casa. J\u00e1 os alunos do 3\u00ba, 5\u00ba, 7\u00ba e 9\u00ba anos do Ensino Fundamental recebem uma participa\u00e7\u00e3o expressiva dos pais durante os estudos. As parcelas de participa\u00e7\u00e3o somam 92%, 91%, 86% e 80% respectivamente. Para a conclus\u00e3o da pesquisa, foram aplicados mais 1,2 milh\u00e3o de question\u00e1rios. Os resultados foram tabulados no ano passado.<\/p>\n<p> Para ajudar e incentivar os pais, a Secretaria da Educa\u00e7\u00e3o elaborou um guia com sete dicas para aproximar os respons\u00e1veis e melhorar o aprendizado em todos os ciclos.<\/p>\n<p>Tamb\u00e9m disponibiliza, todos os bimestres, as vers\u00f5es online e impressa do boletim escolar. Para a Educa\u00e7\u00e3o, a participa\u00e7\u00e3o dos pais nos estudos \u00e9 fundamental para o acompanhamento da vida escolar das crian\u00e7as e adolescentes.<\/p>\n<p> Dicas para participar da vida escolar dos filhos:<\/p>\n<p>&#8211; Incentive a fazer a li\u00e7\u00e3o de casa<br \/>\n&#8211; Tenha um espa\u00e7o adequado para os estudos<br \/>\n&#8211; Certifique-se de que seu filho entendeu o que deve ser feito<br \/>\n&#8211; Organize uma biblioteca em casa<br \/>\n&#8211; Incentive-o a rever a li\u00e7\u00e3o<br \/>\n&#8211; Incentive a pesquisa, mas avise que ela deve ser apenas refer\u00eancia<br \/>\n&#8211; Elogie os acertos e n\u00e3o aponte os erros<\/p>\n<p> Do Portal do Governo do Estado<\/p>\n","protected":false},"excerpt":{"rendered":"<p>Pesquisa realizada pela Secretaria da Educa\u00e7\u00e3o SP mostra que os pais e respons\u00e1veis por alunos da rede estadual participam da vida escolar dos filhos. O estudo mostra que 85% deles ajudam os filhos durante o dever de casa. Entre os alunos do 2\u00ba ano, mais de 92% participam da li\u00e7\u00e3o de casa. Os estudantes do [&hellip;]<\/p>\n","protected":false},"author":2,"featured_media":36265,"comment_status":"open","ping_status":"closed","sticky":false,"template":"","format":"standard","meta":{"_genesis_hide_title":false,"_genesis_hide_breadcrumbs":false,"_genesis_hide_singular_image":false,"_genesis_hide_footer_widgets":false,"_genesis_custom_body_class":"","_genesis_custom_post_class":"","_genesis_layout":"","_jetpack_memberships_contains_paid_content":false,"footnotes":""},"categories":[22],"tags":[],"class_list":{"0":"post-66860","1":"post","2":"type-post","3":"status-publish","4":"format-standard","5":"has-post-thumbnail","7":"category-brasil","8":"entry","9":"gs-1","10":"gs-odd","11":"gs-even","12":"gs-featured-content-entry"},"jetpack_featured_media_url":"https:\/\/www.redenoticia.com.br\/noticia\/imagens\/aluno-b.jpg","jetpack_sharing_enabled":true,"jetpack_likes_enabled":true,"_links":{"self":[{"href":"https:\/\/www.redenoticia.com.br\/noticia\/wp-json\/wp\/v2\/posts\/66860","targetHints":{"allow":["GET"]}}],"collection":[{"href":"https:\/\/www.redenoticia.com.br\/noticia\/wp-json\/wp\/v2\/posts"}],"about":[{"href":"https:\/\/www.redenoticia.com.br\/noticia\/wp-json\/wp\/v2\/types\/post"}],"author":[{"embeddable":true,"href":"https:\/\/www.redenoticia.com.br\/noticia\/wp-json\/wp\/v2\/users\/2"}],"replies":[{"embeddable":true,"href":"https:\/\/www.redenoticia.com.br\/noticia\/wp-json\/wp\/v2\/comments?post=66860"}],"version-history":[{"count":0,"href":"https:\/\/www.redenoticia.com.br\/noticia\/wp-json\/wp\/v2\/posts\/66860\/revisions"}],"wp:featuredmedia":[{"embeddable":true,"href":"https:\/\/www.redenoticia.com.br\/noticia\/wp-json\/wp\/v2\/media\/36265"}],"wp:attachment":[{"href":"https:\/\/www.redenoticia.com.br\/noticia\/wp-json\/wp\/v2\/media?parent=66860"}],"wp:term":[{"taxonomy":"category","embeddable":true,"href":"https:\/\/www.redenoticia.com.br\/noticia\/wp-json\/wp\/v2\/categories?post=66860"},{"taxonomy":"post_tag","embeddable":true,"href":"https:\/\/www.redenoticia.com.br\/noticia\/wp-json\/wp\/v2\/tags?post=66860"}],"curies":[{"name":"wp","href":"https:\/\/api.w.org\/{rel}","templated":true}]}}