{"id":66810,"date":"2015-02-23T15:13:52","date_gmt":"2015-02-23T18:13:52","guid":{"rendered":"http:\/\/www.redenoticia.com.br\/noticia\/?p=66810"},"modified":"2015-02-23T15:13:52","modified_gmt":"2015-02-23T18:13:52","slug":"investidores-esperam-queda-de-05-no-pib-de-2015","status":"publish","type":"post","link":"https:\/\/www.redenoticia.com.br\/noticia\/2015\/investidores-esperam-queda-de-05-no-pib-de-2015\/66810","title":{"rendered":"Investidores esperam queda de 0,5% no PIB de 2015"},"content":{"rendered":"<p> Os investidores e analistas do mercado financeiro esperam retra\u00e7\u00e3o de 0,5% no <strong><em>Produto Interno Bruto<\/em><\/strong> (PIB, soma dos bens e riquezas produzidos em um pa\u00eds) em 2015. A expectativa piorou em rela\u00e7\u00e3o \u00e0 semana anterior, quando era prevista queda de 0,42%. Para 2016, \u00e9 esperado que a economia volte a crescer, com eleva\u00e7\u00e3o de 1,5% do PIB.<\/p>\n<p>Os dados, divulgados pelo Banco Central (BC), est\u00e3o no boletim Focus, pesquisa semanal feita com institui\u00e7\u00f5es financeiras. Os analistas tamb\u00e9m est\u00e3o mais pessimistas em rela\u00e7\u00e3o \u00e0 infla\u00e7\u00e3o medida pelo \u00cdndice de Pre\u00e7os ao Consumidor Amplo (IPCA). O mercado espera que ela encerre 2015 em 7,33% contra 7,27% da proje\u00e7\u00e3o anterior. O teto da meta estabelecido pela equipe econ\u00f4mica \u00e9 6,5%. Para os pre\u00e7os administrados, que s\u00e3o regulados pelo governo, a estimativa \u00e9 que haja alta de 10,4%. A proje\u00e7\u00e3o anterior era 10%.<\/p>\n<p>Com rela\u00e7\u00e3o \u00e0 taxa b\u00e1sica de juros, a Selic, a previs\u00e3o \u00e9 que feche 2015 em 12,75% ao ano. A proje\u00e7\u00e3o de c\u00e2mbio pemanece R$ 2,90. A estimativa da d\u00edvida l\u00edquida do setor p\u00fablico ficou em 37,9% do PIB. A produ\u00e7\u00e3o industrial deve recuar 0,35% na avalia\u00e7\u00e3o do mercado financeiro.<\/p>\n<p>A proje\u00e7\u00e3o do d\u00e9ficit em conta-corrente, que mede a qualidade das contas externas, ficou em US$ 78,4 bilh\u00f5es \u2013 aumento em rela\u00e7\u00e3o aos US$ 78 bilh\u00f5es da semana anterior. O saldo projetado para a balan\u00e7a comercial caiu de US$ 5 bilh\u00f5es para US$ 4,4 bilh\u00f5es. Os investimentos estrangeiros estimados s\u00e3o US$ 60 bilh\u00f5es.<\/p>\n<p>Mariana Branco &#8211; Rep\u00f3rter da Ag\u00eancia Brasil<br \/>\nEdi\u00e7\u00e3o: Jos\u00e9 Romildo<\/p>\n","protected":false},"excerpt":{"rendered":"<p>Os investidores e analistas do mercado financeiro esperam retra\u00e7\u00e3o de 0,5% no Produto Interno Bruto (PIB, soma dos bens e riquezas produzidos em um pa\u00eds) em 2015. A expectativa piorou em rela\u00e7\u00e3o \u00e0 semana anterior, quando era prevista queda de 0,42%. Para 2016, \u00e9 esperado que a economia volte a crescer, com eleva\u00e7\u00e3o de 1,5% [&hellip;]<\/p>\n","protected":false},"author":2,"featured_media":57583,"comment_status":"open","ping_status":"closed","sticky":false,"template":"","format":"standard","meta":{"_genesis_hide_title":false,"_genesis_hide_breadcrumbs":false,"_genesis_hide_singular_image":false,"_genesis_hide_footer_widgets":false,"_genesis_custom_body_class":"","_genesis_custom_post_class":"","_genesis_layout":"","_jetpack_memberships_contains_paid_content":false,"footnotes":""},"categories":[22,7],"tags":[],"class_list":{"0":"post-66810","1":"post","2":"type-post","3":"status-publish","4":"format-standard","5":"has-post-thumbnail","7":"category-brasil","8":"category-economia","9":"entry","10":"gs-1","11":"gs-odd","12":"gs-even","13":"gs-featured-content-entry"},"jetpack_featured_media_url":"https:\/\/www.redenoticia.com.br\/noticia\/imagens\/economia-grafico.jpg","jetpack_sharing_enabled":true,"jetpack_likes_enabled":true,"_links":{"self":[{"href":"https:\/\/www.redenoticia.com.br\/noticia\/wp-json\/wp\/v2\/posts\/66810","targetHints":{"allow":["GET"]}}],"collection":[{"href":"https:\/\/www.redenoticia.com.br\/noticia\/wp-json\/wp\/v2\/posts"}],"about":[{"href":"https:\/\/www.redenoticia.com.br\/noticia\/wp-json\/wp\/v2\/types\/post"}],"author":[{"embeddable":true,"href":"https:\/\/www.redenoticia.com.br\/noticia\/wp-json\/wp\/v2\/users\/2"}],"replies":[{"embeddable":true,"href":"https:\/\/www.redenoticia.com.br\/noticia\/wp-json\/wp\/v2\/comments?post=66810"}],"version-history":[{"count":0,"href":"https:\/\/www.redenoticia.com.br\/noticia\/wp-json\/wp\/v2\/posts\/66810\/revisions"}],"wp:featuredmedia":[{"embeddable":true,"href":"https:\/\/www.redenoticia.com.br\/noticia\/wp-json\/wp\/v2\/media\/57583"}],"wp:attachment":[{"href":"https:\/\/www.redenoticia.com.br\/noticia\/wp-json\/wp\/v2\/media?parent=66810"}],"wp:term":[{"taxonomy":"category","embeddable":true,"href":"https:\/\/www.redenoticia.com.br\/noticia\/wp-json\/wp\/v2\/categories?post=66810"},{"taxonomy":"post_tag","embeddable":true,"href":"https:\/\/www.redenoticia.com.br\/noticia\/wp-json\/wp\/v2\/tags?post=66810"}],"curies":[{"name":"wp","href":"https:\/\/api.w.org\/{rel}","templated":true}]}}