{"id":66808,"date":"2015-02-23T15:12:07","date_gmt":"2015-02-23T18:12:07","guid":{"rendered":"http:\/\/www.redenoticia.com.br\/noticia\/?p=66808"},"modified":"2015-02-23T15:12:07","modified_gmt":"2015-02-23T18:12:07","slug":"cnc-intencao-do-consumo-das-familias-registra-menor-nivel-da-serie-historica","status":"publish","type":"post","link":"https:\/\/www.redenoticia.com.br\/noticia\/2015\/cnc-intencao-do-consumo-das-familias-registra-menor-nivel-da-serie-historica\/66808","title":{"rendered":"CNC: Inten\u00e7\u00e3o do Consumo das Fam\u00edlias registra menor n\u00edvel da s\u00e9rie hist\u00f3rica"},"content":{"rendered":"<p> A manuten\u00e7\u00e3o da infla\u00e7\u00e3o em patamares elevados, os juros altos e a retra\u00e7\u00e3o da oferta de emprego levaram o \u00edndice que mede a <strong><em>Inten\u00e7\u00e3o de Consumo das Fam\u00edlias<\/em><\/strong> (ICF) a alcan\u00e7ar, em fevereiro, 117,8 pontos \u2013 o menor n\u00edvel da s\u00e9rie hist\u00f3rica, superando o recorde de dezembro do ano passado, quando o indicador ficou em 119,5 pontos.<\/p>\n<p>Divulgada pela Confedera\u00e7\u00e3o Nacional do Com\u00e9rcio de Bens, Servi\u00e7os e Turismo (CNC), a pesquisa registrou queda no \u00edndice de 1,6%, na compara\u00e7\u00e3o com janeiro. Em rela\u00e7\u00e3o a fevereiro do ano passado, a queda chegou a 9,3%.<\/p>\n<p>Para a economista da CNC Juliana Serapio, o cen\u00e1rio verificado em fevereiro \u00e9 semelhante ao de dezembro do ano passado, quando foi registrado o recorde anterior. \u201cO cen\u00e1rio \u00e9 o mesmo de dezembro do ano passado: infla\u00e7\u00e3o e juros em alta e baixa oferta de emprego, o que torna o consumidor mais cauteloso.\u201d<\/p>\n<p>Para Juliana, esse cen\u00e1rio de incerteza dever\u00e1 predominar ao longo do ano: &#8220;O cen\u00e1rio para este ano do ponto de vista do consumo das fam\u00edlias \u00e9 o de que a situa\u00e7\u00e3o n\u00e3o v\u00e1 mudar&#8221;. A economista avalia ainda que, com os consumidores mantendo a cautela ao longo do ano, a situa\u00e7\u00e3o pode, inclusive, piorar. &#8220;O quadro dever\u00e1 na melhor das hip\u00f3teses se manter na situa\u00e7\u00e3o atual ou at\u00e9 piorar, uma vez que os consumidores continuar\u00e3o retra\u00eddos, o que indica que o consumidor dever\u00e1 continuar temeroso com o futuro.\u201d<\/p>\n<p>Os dados da pesquisa divulgada pela CNC lembram que a infla\u00e7\u00e3o oficial medida pelo \u00cdndice de Pre\u00e7os ao Consumidor Amplo (IPCA) do IBGE, que reflete as principais onera\u00e7\u00f5es no or\u00e7amento das fam\u00edlias, ficou em 1,24% em janeiro \u2013 maior taxa mensal desde fevereiro de 2003, quando ficou em 1,57%.<\/p>\n<p>Os gastos com habita\u00e7\u00e3o foram os que tiveram maior alta \u2013 de 0,51% em dezembro para 2,42% em janeiro. Outras press\u00f5es vieram dos pre\u00e7os dos alimentos e bebidas (de 1,08% para 1,48%) e dos transportes (de 1,38% para 1,83%). Por esse motivo, ressalta a publica\u00e7\u00e3o, \u201co ICF permanece acima da zona de indiferen\u00e7a [100 pontos]\u201d.<\/p>\n<p>Os n\u00fameros indicam que o n\u00edvel de confian\u00e7a das fam\u00edlias com renda abaixo de dez sal\u00e1rios m\u00ednimos mostrou queda de 1,6% na compara\u00e7\u00e3o mensal, assim como o das fam\u00edlias com renda acima de dez sal\u00e1rios m\u00ednimos que apresentou queda de 1,7%.<\/p>\n<p>Mesmo com crescimento de 2,7% na compara\u00e7\u00e3o com janeiro, o item Momento para Dur\u00e1veis apresentou recuo de 22,3%, na compara\u00e7\u00e3o com fevereiro de 2014 \u2013 maior queda anual da s\u00e9rie hist\u00f3rica. Com isso, o \u00edndice permanece abaixo da zona de indiferen\u00e7a.<\/p>\n<p>Nielmar de Oliveira &#8211; Rep\u00f3rter da Ag\u00eancia Brasil<br \/>\nEdi\u00e7\u00e3o: Denise Griesinger<\/p>\n","protected":false},"excerpt":{"rendered":"<p>A manuten\u00e7\u00e3o da infla\u00e7\u00e3o em patamares elevados, os juros altos e a retra\u00e7\u00e3o da oferta de emprego levaram o \u00edndice que mede a Inten\u00e7\u00e3o de Consumo das Fam\u00edlias (ICF) a alcan\u00e7ar, em fevereiro, 117,8 pontos \u2013 o menor n\u00edvel da s\u00e9rie hist\u00f3rica, superando o recorde de dezembro do ano passado, quando o indicador ficou em [&hellip;]<\/p>\n","protected":false},"author":2,"featured_media":40517,"comment_status":"open","ping_status":"closed","sticky":false,"template":"","format":"standard","meta":{"_genesis_hide_title":false,"_genesis_hide_breadcrumbs":false,"_genesis_hide_singular_image":false,"_genesis_hide_footer_widgets":false,"_genesis_custom_body_class":"","_genesis_custom_post_class":"","_genesis_layout":"","_jetpack_memberships_contains_paid_content":false,"footnotes":""},"categories":[22,7],"tags":[],"class_list":{"0":"post-66808","1":"post","2":"type-post","3":"status-publish","4":"format-standard","5":"has-post-thumbnail","7":"category-brasil","8":"category-economia","9":"entry","10":"gs-1","11":"gs-odd","12":"gs-even","13":"gs-featured-content-entry"},"jetpack_featured_media_url":"https:\/\/www.redenoticia.com.br\/noticia\/imagens\/economia-previsao.jpg","jetpack_sharing_enabled":true,"jetpack_likes_enabled":true,"_links":{"self":[{"href":"https:\/\/www.redenoticia.com.br\/noticia\/wp-json\/wp\/v2\/posts\/66808","targetHints":{"allow":["GET"]}}],"collection":[{"href":"https:\/\/www.redenoticia.com.br\/noticia\/wp-json\/wp\/v2\/posts"}],"about":[{"href":"https:\/\/www.redenoticia.com.br\/noticia\/wp-json\/wp\/v2\/types\/post"}],"author":[{"embeddable":true,"href":"https:\/\/www.redenoticia.com.br\/noticia\/wp-json\/wp\/v2\/users\/2"}],"replies":[{"embeddable":true,"href":"https:\/\/www.redenoticia.com.br\/noticia\/wp-json\/wp\/v2\/comments?post=66808"}],"version-history":[{"count":0,"href":"https:\/\/www.redenoticia.com.br\/noticia\/wp-json\/wp\/v2\/posts\/66808\/revisions"}],"wp:featuredmedia":[{"embeddable":true,"href":"https:\/\/www.redenoticia.com.br\/noticia\/wp-json\/wp\/v2\/media\/40517"}],"wp:attachment":[{"href":"https:\/\/www.redenoticia.com.br\/noticia\/wp-json\/wp\/v2\/media?parent=66808"}],"wp:term":[{"taxonomy":"category","embeddable":true,"href":"https:\/\/www.redenoticia.com.br\/noticia\/wp-json\/wp\/v2\/categories?post=66808"},{"taxonomy":"post_tag","embeddable":true,"href":"https:\/\/www.redenoticia.com.br\/noticia\/wp-json\/wp\/v2\/tags?post=66808"}],"curies":[{"name":"wp","href":"https:\/\/api.w.org\/{rel}","templated":true}]}}